{"id":42809,"date":"2025-03-26T16:45:07","date_gmt":"2025-03-26T16:45:07","guid":{"rendered":"https:\/\/247stiri.ro\/index.php\/2025\/03\/26\/george-simion-a-ajuns-in-mijlocul-manifestantilor-din-piata-victoriei-vedeti-aici-o-piata-plina-de-boti-si-tiriboti\/"},"modified":"2025-03-26T16:45:07","modified_gmt":"2025-03-26T16:45:07","slug":"george-simion-a-ajuns-in-mijlocul-manifestantilor-din-piata-victoriei-vedeti-aici-o-piata-plina-de-boti-si-tiriboti","status":"publish","type":"post","link":"https:\/\/247stiri.ro\/index.php\/2025\/03\/26\/george-simion-a-ajuns-in-mijlocul-manifestantilor-din-piata-victoriei-vedeti-aici-o-piata-plina-de-boti-si-tiriboti\/","title":{"rendered":"George Simion a ajuns \u00een mijlocul manifestan\u021bilor din Pia\u021ba Victoriei: \u201eVede\u021bi aici o pia\u021b\u0103 plin\u0103 de bo\u021bi \u0219i tiribo\u021bi\u201d"},"content":{"rendered":"<p>Din mijlocul mul\u021bimii, George Simion a acordat un mic interviu reporterului Realitatea Plus:<\/p>\n<p>Realitatea Plus: Se contureaz\u0103 \u00een ultima perioad\u0103 ideea de lovitur\u0103 de stat.<\/p>\n<p>George Simion: S-a devoalat domnul Marcel Ciolacu ca principal autor, al\u0103turi de Klaus Iohannis, a loviturii de stat. Dac\u0103 cei care sunt implica\u021bi \u00een aceast\u0103 lovitur\u0103 de stat se dovedesc c\u0103 au tr\u0103dat interesul na\u021bional vor fi sanc\u021biona\u021bi, pentru c\u0103 trebuie s\u0103 revenim la ordinea constitu\u021bional\u0103, trebuie s\u0103 revenim la dreptate.<\/p>\n<p>Realitatea Plus: Toate aceste atacuri ale sistemului, prin dosarele care se \u00eencearc\u0103 la adresa dumneavoastr\u0103, la adresa domnului Georgescu, la adresa sus\u021bin\u0103torilor acestei mi\u0219c\u0103ri suveraniste.<\/p>\n<p>George Simion: Nu ne sperie, nu tr\u0103d\u0103m, nu ced\u0103m, suntem al\u0103turi de domnul C\u0103lin Georgescu p\u00e2n\u0103 la cap\u0103t.<\/p>\n<p>Nu m\u0103 tem, am multe, zeci de dosare. S\u0103 fac\u0103 c\u00e2te vor, dar s\u0103 fie \u0219i ecologi\u0219ti, s\u0103 nu mai strice h\u00e2rtiile, c\u0103 nu e fundamentat niciun dosar pe ceva real.<\/p>\n<p><a title='George Simion acuza guvernul Ciolacu pentru suspendarea ridicarii vizelor de catre SUA. \"AUR a avertizat public, de nenumarate ori\"' href=\"https:\/\/www.realitatea.net\/stiri\/actual\/george-simion-acuza-guvernul-ciolacu-pentru-suspendarea-ridicarii-vizelor-de-catre-sua-aur-a-avertizat-public-de-nenumarate-ori_67e2fadcfee36774327c3b52\">George Simion acuz\u0103 guvernul Ciolacu pentru suspendarea ridic\u0103rii vizelor de c\u0103tre SUA. \u201dAUR a avertizat public, de nenum\u0103rate ori\u201d<\/a><\/p>\n<p>Realitatea Plus: Crede\u021bi c\u0103 pot s\u0103 v\u0103 \u00eempiedice din candidatura la alegerile preziden\u021biale?<\/p>\n<p>George Simion: Nu, cu siguran\u021b\u0103 nu. Ceea ce mi se pare periculos este c\u0103 prin ceea ce au f\u0103cut este \u00een pericol securitatea \u021b\u0103rii. Trupele americane s-ar putea s\u0103 plece din \u021bara noastr\u0103 dac\u0103 un om preg\u0103tit de ei pentru a fi pre\u0219edinte va ajunge acolo.<\/p>\n<p>Realitatea Plus: Conform ultimelor sondaje din spa\u021biul public, conduce\u021bi deta\u0219at fa\u021b\u0103 de ceilal\u021bi candida\u021bi.<\/p>\n<p>George Simion: Nu conduc eu, conduce domnul C\u0103lin Georgescu, conduce mi\u0219carea suveranist\u0103 \u201eRom\u00e2nia pe primul loc\u201d, eu nu candidez, am r\u0103spuns unei nevoi, am r\u0103spuns unei chem\u0103ri, sunt aici \u00een mijlocul oamenilor \u0219i aici voi r\u0103m\u00e2ne.<\/p>\n<p>Realitatea Plus: Se mai poate relua turul doi?<\/p>\n<p>George Simion: A\u0219a ar fi normal \u00eentr-o democra\u021bie.<\/p>\n<p>Am depus, al\u0103turi de parlamentarii AUR, o mo\u021biune de cenzur\u0103 \u00eempotriva lui Predoiu pentru felul \u00een care l-a umilit pe Bogdan Peschir, pe al\u021bi oameni care, din proprie ini\u021biativ\u0103, l-au sus\u021binut pe C\u0103lin Georgescu.<\/p>\n<p>Vede\u021bi o pia\u021b\u0103 plin\u0103 de boti \u0219i tiribo\u021bi. Au min\u021bit, au zis c\u0103 trimit oameni din Republica Moldova la mitingul nostru. Este foarte periculos pentru viitorul Rom\u00e2niei ce au f\u0103cut ei prin aceast\u0103 lovitur\u0103 de stat. America ne-a sanc\u021bionat \u0219i mai preg\u0103te\u0219te un pachet de sanc\u021biuni. Noi suntem \u00een permanenta leg\u0103tur\u0103 cu Washingtonul, cu senatori, avem invita\u021bi \u0219i acum la Cluj, \u00een aceste zile, foarte mul\u021bi lideri conservatori din Marea Britanie, din SUA \u0219i din Europa \u0219i cu to\u021bii spun c\u0103 trebuie s\u0103 revenim la democra\u021bie. Realitatea Plus: A\u021bi mai vorbit cu domnul C\u0103lin Georgescu \u00een ultimele zile? George Simion: \u021ainem \u00een permanenta leg\u0103tur\u0103, bine\u00een\u021beles, suntem uni\u021bi \u00een cuget \u0219i sim\u021biri.<\/p>\n<p><a title=\"George Simion, mesaj de ultima ora pentru Calin Georgescu. Ce i-a transmis liderul AUR\" href=\"https:\/\/www.realitatea.net\/stiri\/actual\/george-simion-mesaj-de-ultima-ora-pentru-calin-georgescu-ce-ia-transmis-liderul-aur_67e3abfa3ac4db23d062e202\">George Simion, mesaj de ultim\u0103 or\u0103 pentru C\u0103lin Georgescu. Ce i-a transmis liderul AUR<\/a><\/p>","protected":false},"excerpt":{"rendered":"<p>Din mijlocul mul\u021bimii, George Simion a acordat un mic interviu reporterului Realitatea Plus: Realitatea Plus:&hellip;<\/p>\n","protected":false},"author":0,"featured_media":42808,"comment_status":"open","ping_status":"open","sticky":false,"template":"","format":"standard","meta":{"footnotes":""},"categories":[2],"tags":[],"class_list":["post-42809","post","type-post","status-publish","format-standard","has-post-thumbnail","hentry","category-actual"],"_links":{"self":[{"href":"https:\/\/247stiri.ro\/index.php\/wp-json\/wp\/v2\/posts\/42809","targetHints":{"allow":["GET"]}}],"collection":[{"href":"https:\/\/247stiri.ro\/index.php\/wp-json\/wp\/v2\/posts"}],"about":[{"href":"https:\/\/247stiri.ro\/index.php\/wp-json\/wp\/v2\/types\/post"}],"replies":[{"embeddable":true,"href":"https:\/\/247stiri.ro\/index.php\/wp-json\/wp\/v2\/comments?post=42809"}],"version-history":[{"count":0,"href":"https:\/\/247stiri.ro\/index.php\/wp-json\/wp\/v2\/posts\/42809\/revisions"}],"wp:featuredmedia":[{"embeddable":true,"href":"https:\/\/247stiri.ro\/index.php\/wp-json\/wp\/v2\/media\/42808"}],"wp:attachment":[{"href":"https:\/\/247stiri.ro\/index.php\/wp-json\/wp\/v2\/media?parent=42809"}],"wp:term":[{"taxonomy":"category","embeddable":true,"href":"https:\/\/247stiri.ro\/index.php\/wp-json\/wp\/v2\/categories?post=42809"},{"taxonomy":"post_tag","embeddable":true,"href":"https:\/\/247stiri.ro\/index.php\/wp-json\/wp\/v2\/tags?post=42809"}],"curies":[{"name":"wp","href":"https:\/\/api.w.org\/{rel}","templated":true}]}}