{"id":4281,"date":"2024-11-04T08:48:20","date_gmt":"2024-11-04T08:48:20","guid":{"rendered":"https:\/\/247stiri.ro\/index.php\/2024\/11\/04\/nelu-tataru-audiat-din-nou-la-dna-iasi-pentru-luare-de-mita-nu-am-emotii-am-adevarul-de-partea-mea\/"},"modified":"2024-11-04T08:48:20","modified_gmt":"2024-11-04T08:48:20","slug":"nelu-tataru-audiat-din-nou-la-dna-iasi-pentru-luare-de-mita-nu-am-emotii-am-adevarul-de-partea-mea","status":"publish","type":"post","link":"https:\/\/247stiri.ro\/index.php\/2024\/11\/04\/nelu-tataru-audiat-din-nou-la-dna-iasi-pentru-luare-de-mita-nu-am-emotii-am-adevarul-de-partea-mea\/","title":{"rendered":"Nelu T\u0103taru, audiat din nou la DNA Ia\u0219i pentru luare de mit\u0103: \u201eNu am emo\u021bii, am adev\u0103rul de partea mea\u201d"},"content":{"rendered":"<p>Fostul ministru al S\u0103n\u0103t\u0103\u021bii, Nelu T\u0103taru, s-a prezentat ast\u0103zi din nou la sediul Direc\u021biei Na\u021bionale Anticorup\u021bie (DNA) din Ia\u0219i pentru o nou\u0103 rund\u0103 de audieri \u00een cadrul unui dosar de corup\u021bie. T\u0103taru este acuzat de procurori c\u0103 ar fi primit sume de bani \u0219i bunuri materiale din partea unor pacien\u021bi sau apropia\u021bi ai acestora, \u00een schimbul unor interven\u021bii sau avantaje medicale.<\/p>\n<p>La intrarea \u00een sediul DNA, T\u0103taru a declarat presei c\u0103 nu are emo\u021bii \u00een privin\u021ba anchetei, sus\u021bin\u00e2nd c\u0103 are \u201eadev\u0103rul de partea lui\u201d. \u00centrebat de jurnali\u0219ti despre sentimentele sale \u00eenainte de audieri, fostul ministru a r\u0103spuns ferm: \u201eNu am emo\u021bii, am adev\u0103rul de partea mea\u201d.<\/p>\n<p>Acesta nu este primul moment \u00een care Nelu T\u0103taru este chemat la audieri \u00een acest dosar. Procurorii anticorup\u021bie investigheaz\u0103 acuza\u021biile conform c\u0103rora fostul ministru ar fi beneficiat de sume de bani \u0219i diferite produse la pacien\u021bi, cum ar fi ou\u0103 sau g\u0103ini.<\/p>\n<p><a href=\"https:\/\/www.realitatea.net\/stiri\/actual\/noi-stenogramesoc-in-cazul-ministrului-nelu-tataru-cine-e-omul-care-la-sapat-pe-politician_67149da8fdd0ef523b37f343\" target=\"_blank\" rel=\"noopener\">Noi stenograme-\u0218OC \u00een cazul ministrului Nelu T\u0103taru. Cine e omul care l-a \u201es\u0103pat\u201d pe politician<\/a><\/p>","protected":false},"excerpt":{"rendered":"<p>Fostul ministru al S\u0103n\u0103t\u0103\u021bii, Nelu T\u0103taru, s-a prezentat ast\u0103zi din nou la sediul Direc\u021biei Na\u021bionale&hellip;<\/p>\n","protected":false},"author":0,"featured_media":4282,"comment_status":"open","ping_status":"open","sticky":false,"template":"","format":"standard","meta":{"footnotes":""},"categories":[2],"tags":[],"class_list":["post-4281","post","type-post","status-publish","format-standard","has-post-thumbnail","hentry","category-actual"],"_links":{"self":[{"href":"https:\/\/247stiri.ro\/index.php\/wp-json\/wp\/v2\/posts\/4281","targetHints":{"allow":["GET"]}}],"collection":[{"href":"https:\/\/247stiri.ro\/index.php\/wp-json\/wp\/v2\/posts"}],"about":[{"href":"https:\/\/247stiri.ro\/index.php\/wp-json\/wp\/v2\/types\/post"}],"replies":[{"embeddable":true,"href":"https:\/\/247stiri.ro\/index.php\/wp-json\/wp\/v2\/comments?post=4281"}],"version-history":[{"count":0,"href":"https:\/\/247stiri.ro\/index.php\/wp-json\/wp\/v2\/posts\/4281\/revisions"}],"wp:featuredmedia":[{"embeddable":true,"href":"https:\/\/247stiri.ro\/index.php\/wp-json\/wp\/v2\/media\/4282"}],"wp:attachment":[{"href":"https:\/\/247stiri.ro\/index.php\/wp-json\/wp\/v2\/media?parent=4281"}],"wp:term":[{"taxonomy":"category","embeddable":true,"href":"https:\/\/247stiri.ro\/index.php\/wp-json\/wp\/v2\/categories?post=4281"},{"taxonomy":"post_tag","embeddable":true,"href":"https:\/\/247stiri.ro\/index.php\/wp-json\/wp\/v2\/tags?post=4281"}],"curies":[{"name":"wp","href":"https:\/\/api.w.org\/{rel}","templated":true}]}}