{"id":42823,"date":"2025-03-26T17:45:13","date_gmt":"2025-03-26T17:45:13","guid":{"rendered":"https:\/\/247stiri.ro\/index.php\/2025\/03\/26\/incident-dramatic-in-iasi-un-copil-de-13-ani-a-sarit-in-raul-bahlui-pentru-a-scapa-de-o-haita-de-caini\/"},"modified":"2025-03-26T17:45:13","modified_gmt":"2025-03-26T17:45:13","slug":"incident-dramatic-in-iasi-un-copil-de-13-ani-a-sarit-in-raul-bahlui-pentru-a-scapa-de-o-haita-de-caini","status":"publish","type":"post","link":"https:\/\/247stiri.ro\/index.php\/2025\/03\/26\/incident-dramatic-in-iasi-un-copil-de-13-ani-a-sarit-in-raul-bahlui-pentru-a-scapa-de-o-haita-de-caini\/","title":{"rendered":"Incident dramatic \u00een Ia\u0219i: un copil de 13 ani a s\u0103rit \u00een r\u00e2ul Bahlui pentru a sc\u0103pa de o hait\u0103 de c\u00e2ini"},"content":{"rendered":"<p>Interven\u021bia echipelor de salvare<\/p>\n<p>Incidentul a avut loc miercuri, \u00een zona ultimului pod c\u0103tre localitatea Dancu, iar autorit\u0103\u021bile au fost alertate imediat. Un echipaj de pompieri de la Deta\u0219amentul 2 Ia\u0219i \u0219i o ambulan\u021b\u0103 de prim ajutor s-au deplasat rapid la fa\u021ba locului.<\/p>\n<p>Din fericire, copilul a fost g\u0103sit con\u0219tient \u0219i a fost scos \u00een siguran\u021b\u0103 din ap\u0103 de<a href=\"https:\/\/www.realitatea.net\/stiri\/actual\/dosar-penal-dupa-ce-o-femeie-a-fost-atacata-de-o-haita-de-caini-la-cluj-cine-e-vinovat-politia-arata-cu-degetul-spre-autoritatile-locale_67bda5859f65075f245e6e78\" target=\"_blank\"> echipele de interven\u021bie.<\/a> Acesta a primit \u00eengrijiri medicale la fa\u021ba locului pentru a se asigura c\u0103 nu a suferit hipotermie sau alte complica\u021bii.<\/p>\n<p>Problema c\u00e2inilor f\u0103r\u0103 st\u0103p\u00e2n, un pericol constant<\/p>\n<p>Acest incident readuce \u00een aten\u021bie <a href=\"https:\/\/www.realitatea.net\/stiri\/actual\/cainii-fara-stapan-in-pericol-din-cauza-temperaturilor-scazute-aspa-bucuresti-anotimpul-rece-se-dovedeste-fatal_67b4d4cd6924a312e6449c22\" target=\"_blank\">problema c\u00e2inilor vagabonzi din Ia\u0219i,<\/a> care continu\u0103 s\u0103 reprezinte un pericol pentru locuitori, \u00een special pentru copii. Localnicii au semnalat de-a lungul timpului numeroase cazuri \u00een care haite de c\u00e2ini agresivi pun \u00een pericol siguran\u021ba public\u0103.<\/p>\n<p>Autorit\u0103\u021bile locale au fost solicitate s\u0103 ia m\u0103suri pentru gestionarea situa\u021biei, \u00eens\u0103 problema persist\u0103.\u00a0<\/p>","protected":false},"excerpt":{"rendered":"<p>Interven\u021bia echipelor de salvare Incidentul a avut loc miercuri, \u00een zona ultimului pod c\u0103tre localitatea&hellip;<\/p>\n","protected":false},"author":0,"featured_media":42824,"comment_status":"open","ping_status":"open","sticky":false,"template":"","format":"standard","meta":{"footnotes":""},"categories":[2],"tags":[],"class_list":["post-42823","post","type-post","status-publish","format-standard","has-post-thumbnail","hentry","category-actual"],"_links":{"self":[{"href":"https:\/\/247stiri.ro\/index.php\/wp-json\/wp\/v2\/posts\/42823","targetHints":{"allow":["GET"]}}],"collection":[{"href":"https:\/\/247stiri.ro\/index.php\/wp-json\/wp\/v2\/posts"}],"about":[{"href":"https:\/\/247stiri.ro\/index.php\/wp-json\/wp\/v2\/types\/post"}],"replies":[{"embeddable":true,"href":"https:\/\/247stiri.ro\/index.php\/wp-json\/wp\/v2\/comments?post=42823"}],"version-history":[{"count":0,"href":"https:\/\/247stiri.ro\/index.php\/wp-json\/wp\/v2\/posts\/42823\/revisions"}],"wp:featuredmedia":[{"embeddable":true,"href":"https:\/\/247stiri.ro\/index.php\/wp-json\/wp\/v2\/media\/42824"}],"wp:attachment":[{"href":"https:\/\/247stiri.ro\/index.php\/wp-json\/wp\/v2\/media?parent=42823"}],"wp:term":[{"taxonomy":"category","embeddable":true,"href":"https:\/\/247stiri.ro\/index.php\/wp-json\/wp\/v2\/categories?post=42823"},{"taxonomy":"post_tag","embeddable":true,"href":"https:\/\/247stiri.ro\/index.php\/wp-json\/wp\/v2\/tags?post=42823"}],"curies":[{"name":"wp","href":"https:\/\/api.w.org\/{rel}","templated":true}]}}