{"id":42826,"date":"2025-03-26T17:45:14","date_gmt":"2025-03-26T17:45:14","guid":{"rendered":"https:\/\/247stiri.ro\/index.php\/2025\/03\/26\/doliu-urias-in-cultura-romana-a-murit-doina-jela-una-dintre-cele-mai-influente-voci-ale-memorialisticii-comuniste\/"},"modified":"2025-03-26T17:45:14","modified_gmt":"2025-03-26T17:45:14","slug":"doliu-urias-in-cultura-romana-a-murit-doina-jela-una-dintre-cele-mai-influente-voci-ale-memorialisticii-comuniste","status":"publish","type":"post","link":"https:\/\/247stiri.ro\/index.php\/2025\/03\/26\/doliu-urias-in-cultura-romana-a-murit-doina-jela-una-dintre-cele-mai-influente-voci-ale-memorialisticii-comuniste\/","title":{"rendered":"Doliu uria\u0219 \u00een cultura rom\u00e2n\u0103. A murit Doina Jela, una dintre cele mai influente voci ale memorialisticii comuniste"},"content":{"rendered":"<p>\u00a0\u00a0Doina Jela a semnat eseuri, interviuri \u0219i cronici pentru publica\u021bii de renume, precum Rom\u00e2nia literar\u0103, Familia, Contemporanul sau Amfiteatru. De asemenea, a coordonat colec\u021bia \u201eProcesul comunismului\u201d la Editura Humanitas \u0219i a publicat lucr\u0103ri remarcabile, printre care \u201eLexiconul negru. Unelte ale represiunii comuniste\u201d, \u201eO sut\u0103 de zile cu Monica Lovinescu\u201d \u0219i \u201eReu\u0219e\u0219ti sau mori \u2013 convorbiri emailate cu Vladimir Bukovski\u201d.<\/p>\n<p>De asemenea, Jela a tradus din limba francez\u0103 \u0219i a colaborat la volume colective despre istoria recent\u0103, p\u0103str\u00e2nd astfel vie memoria victimelor \u0219i dramelor din perioada dictaturii comuniste. Opera sa r\u0103m\u00e2ne o surs\u0103 de nepre\u021buit pentru \u00een\u021belegerea unor pagini \u00eentunecate ale istoriei Rom\u00e2niei.<\/p>\n<p>&#8222;O veste extrem de trista. A fost o prietena de idei, o superba editoare, o autentica intelectuala democrata. Era o lovinesciana consecventa. In anii 90, a lansat si coordonat seria \u201cProcesul comunismului\u201d la Humanitas. Conquest, Souvarine, Grossman. Despre Raportul Final a scris ca a marcat despartirea apelor. Opera ei, fictiune si nonfictiune, a ajutat la aceasta despartire. A luptat pentru salvarea memoriei. Sa-i fie amintirea binecuvantata!&#8221;, a scris politologul Vladimir Tism\u0103neanu.\u00a0\u00a0\u00a0\u00a0\u00a0\u00a0\u00a0<\/p>","protected":false},"excerpt":{"rendered":"<p>\u00a0\u00a0Doina Jela a semnat eseuri, interviuri \u0219i cronici pentru publica\u021bii de renume, precum Rom\u00e2nia literar\u0103,&hellip;<\/p>\n","protected":false},"author":0,"featured_media":42827,"comment_status":"open","ping_status":"open","sticky":false,"template":"","format":"standard","meta":{"footnotes":""},"categories":[2],"tags":[],"class_list":["post-42826","post","type-post","status-publish","format-standard","has-post-thumbnail","hentry","category-actual"],"_links":{"self":[{"href":"https:\/\/247stiri.ro\/index.php\/wp-json\/wp\/v2\/posts\/42826","targetHints":{"allow":["GET"]}}],"collection":[{"href":"https:\/\/247stiri.ro\/index.php\/wp-json\/wp\/v2\/posts"}],"about":[{"href":"https:\/\/247stiri.ro\/index.php\/wp-json\/wp\/v2\/types\/post"}],"replies":[{"embeddable":true,"href":"https:\/\/247stiri.ro\/index.php\/wp-json\/wp\/v2\/comments?post=42826"}],"version-history":[{"count":0,"href":"https:\/\/247stiri.ro\/index.php\/wp-json\/wp\/v2\/posts\/42826\/revisions"}],"wp:featuredmedia":[{"embeddable":true,"href":"https:\/\/247stiri.ro\/index.php\/wp-json\/wp\/v2\/media\/42827"}],"wp:attachment":[{"href":"https:\/\/247stiri.ro\/index.php\/wp-json\/wp\/v2\/media?parent=42826"}],"wp:term":[{"taxonomy":"category","embeddable":true,"href":"https:\/\/247stiri.ro\/index.php\/wp-json\/wp\/v2\/categories?post=42826"},{"taxonomy":"post_tag","embeddable":true,"href":"https:\/\/247stiri.ro\/index.php\/wp-json\/wp\/v2\/tags?post=42826"}],"curies":[{"name":"wp","href":"https:\/\/api.w.org\/{rel}","templated":true}]}}