{"id":42831,"date":"2025-03-26T18:45:23","date_gmt":"2025-03-26T18:45:23","guid":{"rendered":"https:\/\/247stiri.ro\/index.php\/2025\/03\/26\/sandra-izbasa-o-cariera-artistica-in-urma-gimnasticii-ce-face-campioana-la-11-ani-dupa-retragerea-din-sportul-de-performanta\/"},"modified":"2025-03-26T18:45:23","modified_gmt":"2025-03-26T18:45:23","slug":"sandra-izbasa-o-cariera-artistica-in-urma-gimnasticii-ce-face-campioana-la-11-ani-dupa-retragerea-din-sportul-de-performanta","status":"publish","type":"post","link":"https:\/\/247stiri.ro\/index.php\/2025\/03\/26\/sandra-izbasa-o-cariera-artistica-in-urma-gimnasticii-ce-face-campioana-la-11-ani-dupa-retragerea-din-sportul-de-performanta\/","title":{"rendered":"Sandra Izba\u0219a: o carier\u0103 artistic\u0103 \u00een urma gimnasticii. Ce face campioana la 11 ani dup\u0103 retragerea din sportul de performan\u021b\u0103"},"content":{"rendered":"<p>Via\u021ba personal\u0103 a Sandrei Izba\u0219a<\/p>\n<p>La 34 de ani, <a href=\"https:\/\/www.realitatea.net\/stiri\/sport\/transformarea-uimitoare-a-sandrei-izbasa-ce-sa-ales-de-fosta-campioana-la-11-ani-dupa-retragerea-din-gimnastica_6785281515dc5169580babde\" target=\"_blank\">Sandra s-a c\u0103s\u0103torit<\/a> cu actorul R\u0103zvan B\u0103nic\u0103, care i-a deschis u\u0219a c\u0103tre lumea artei dramatice, o lume care a captivat-o imediat. De\u0219i ini\u021bial nu se g\u00e2ndise s\u0103 urmeze o carier\u0103 \u00een actorie, Sandra m\u0103rturise\u0219te c\u0103 \u0219i antrenorii s\u0103i \u00eei sugerau s\u0103 ia acest drum dup\u0103 retragerea din sport, av\u00e2nd \u00een vedere expresivitatea \u0219i performan\u021bele sale de pe scen\u0103.<\/p>\n<p>Acum, la mai bine de un deceniu de la retragerea din gimnastic\u0103, Sandra a \u00eenceput s\u0103 urmeze cursuri de actorie, abord\u00e2nd acest nou capitol al vie\u021bii sale cu aceea\u0219i seriozitate \u0219i disciplin\u0103 cu care a abordat cariera de sportiv\u0103. De\u0219i procesul de \u00eenv\u0103\u021bare nu a fost unul u\u0219or, ea prive\u0219te aceast\u0103 schimbare cu mult entuziasm \u0219i determinare.<\/p>\n<p>\u00a0\u00a0\u00a0\u00a0\u00a0Vezi aceast\u0103 postare pe Instagram\u00a0\u00a0\u00a0\u00a0\u00a0\u00a0\u00a0\u00a0\u00a0\u00a0\u00a0<\/p>\n<p><a href=\"https:\/\/www.instagram.com\/p\/C95Ulx4uU3f\/?utm_source=ig_embed&amp;utm_campaign=loading\" target=\"_blank\">O postare distribuit\u0103 de SANDRA IZBA\u0218A &#8211; B\u0102NIC\u0102 (@sandra_izbasa)<\/a><\/p>\n<p>Debutul \u00een actorie \u0219i noi provoc\u0103ri<\/p>\n<p><a href=\"https:\/\/www.realitatea.net\/stiri\/actual\/sandra-izbasa-decizie-radicala-ce-a-scoso-din-fire-pe-fosta-mare-gimnasta_61249003c453ee570127a013\" target=\"_blank\">Sandra a debutat<\/a> \u00een 2019, c\u00e2nd a jucat \u00een filmul \u201eFaci sau taci\u201d, regizat de Iura Lunca\u0219u, o comedie poli\u021bist\u0103 \u00een care a interpretat rolul unei poli\u021biste. \u201eVa fi un film cu multe cascadorii. Vreau s\u0103 v\u0103d c\u00e2t de mult pot s\u0103 m\u0103 identific cu acest rol \u0219i cum m\u0103 descurc. Este o provocare pentru mine, av\u00e2nd \u00een vedere c\u0103 am f\u0103cut actorie doar c\u00e2teva luni. Dar \u0219tiu c\u0103 \u00eemi va pl\u0103cea, pentru c\u0103 \u0219i \u00een gimnastic\u0103 am avut momente de teatru. Antrenorii m-au sf\u0103tuit mereu s\u0103 m\u0103 g\u00e2ndesc la actorie ca o op\u021biune dup\u0103 cariera sportiv\u0103\u201d, spunea Sandra \u00een 2018.<\/p>\n<p>Aceasta se vede pe sine nu doar ca o fost\u0103 sportiv\u0103 de elit\u0103, ci \u0219i ca o persoan\u0103 capabil\u0103 s\u0103 \u00ee\u0219i construiasc\u0103 o carier\u0103 \u00een domeniul artistic, cu aceea\u0219i pasiune \u0219i d\u0103ruire cu care a str\u0103lucit \u00een gimnastic\u0103. Pe m\u0103sur\u0103 ce \u00ee\u0219i perfec\u021bioneaz\u0103 abilit\u0103\u021bile, Sandra \u00ee\u0219i dore\u0219te s\u0103 fie c\u00e2t mai aproape de rolurile care o vor ajuta s\u0103 \u00ee\u0219i exprime pe deplin talentul.<\/p>\n<p>\u00a0\u00a0\u00a0\u00a0\u00a0Vezi aceast\u0103 postare pe Instagram\u00a0\u00a0\u00a0\u00a0\u00a0\u00a0\u00a0\u00a0\u00a0\u00a0\u00a0<\/p>\n<p><a href=\"https:\/\/www.instagram.com\/p\/C-DZiJfNDaK\/?utm_source=ig_embed&amp;utm_campaign=loading\" target=\"_blank\">O postare distribuit\u0103 de SANDRA IZBA\u0218A &#8211; B\u0102NIC\u0102 (@sandra_izbasa)<\/a><\/p>","protected":false},"excerpt":{"rendered":"<p>Via\u021ba personal\u0103 a Sandrei Izba\u0219a La 34 de ani, Sandra s-a c\u0103s\u0103torit cu actorul R\u0103zvan&hellip;<\/p>\n","protected":false},"author":0,"featured_media":42832,"comment_status":"open","ping_status":"open","sticky":false,"template":"","format":"standard","meta":{"footnotes":""},"categories":[5],"tags":[],"class_list":["post-42831","post","type-post","status-publish","format-standard","has-post-thumbnail","hentry","category-sport"],"_links":{"self":[{"href":"https:\/\/247stiri.ro\/index.php\/wp-json\/wp\/v2\/posts\/42831","targetHints":{"allow":["GET"]}}],"collection":[{"href":"https:\/\/247stiri.ro\/index.php\/wp-json\/wp\/v2\/posts"}],"about":[{"href":"https:\/\/247stiri.ro\/index.php\/wp-json\/wp\/v2\/types\/post"}],"replies":[{"embeddable":true,"href":"https:\/\/247stiri.ro\/index.php\/wp-json\/wp\/v2\/comments?post=42831"}],"version-history":[{"count":0,"href":"https:\/\/247stiri.ro\/index.php\/wp-json\/wp\/v2\/posts\/42831\/revisions"}],"wp:featuredmedia":[{"embeddable":true,"href":"https:\/\/247stiri.ro\/index.php\/wp-json\/wp\/v2\/media\/42832"}],"wp:attachment":[{"href":"https:\/\/247stiri.ro\/index.php\/wp-json\/wp\/v2\/media?parent=42831"}],"wp:term":[{"taxonomy":"category","embeddable":true,"href":"https:\/\/247stiri.ro\/index.php\/wp-json\/wp\/v2\/categories?post=42831"},{"taxonomy":"post_tag","embeddable":true,"href":"https:\/\/247stiri.ro\/index.php\/wp-json\/wp\/v2\/tags?post=42831"}],"curies":[{"name":"wp","href":"https:\/\/api.w.org\/{rel}","templated":true}]}}