{"id":42835,"date":"2025-03-26T18:45:26","date_gmt":"2025-03-26T18:45:26","guid":{"rendered":"https:\/\/247stiri.ro\/index.php\/2025\/03\/26\/noile-norme-de-accesare-a-voucherelor-de-vacanta-au-fost-lansate-in-dezbatere-publica-ce-trebuie-sa-bifeze-angajatii-pentru-a-intra-in-posesia-lor\/"},"modified":"2025-03-26T18:45:26","modified_gmt":"2025-03-26T18:45:26","slug":"noile-norme-de-accesare-a-voucherelor-de-vacanta-au-fost-lansate-in-dezbatere-publica-ce-trebuie-sa-bifeze-angajatii-pentru-a-intra-in-posesia-lor","status":"publish","type":"post","link":"https:\/\/247stiri.ro\/index.php\/2025\/03\/26\/noile-norme-de-accesare-a-voucherelor-de-vacanta-au-fost-lansate-in-dezbatere-publica-ce-trebuie-sa-bifeze-angajatii-pentru-a-intra-in-posesia-lor\/","title":{"rendered":"Noile norme de accesare a voucherelor de vacan\u021b\u0103 au fost lansate \u00een dezbatere public\u0103. Ce trebuie s\u0103 bifeze angaja\u021bii pentru a intra \u00een posesia lor"},"content":{"rendered":"<p>\u201dAm deschis ast\u0103zi consultarea public\u0103 pentru noile norme de accesare a voucherelor de vacan\u021b\u0103. Am f\u0103cut \u00eentregul proces c\u00e2t mai simplu posibil. Dac\u0103 \u00eendepline\u0219ti condi\u021biile prev\u0103zute de lege, vei primi 800 de lei, sum\u0103 care va fi virat\u0103 de angajatorul t\u0103u pe cardul de vacan\u021b\u0103. \u00cen premier\u0103, vei completa o declara\u021bie pe proprie r\u0103spundere prin care \u00ee\u021bi asumi c\u0103 vei contribui cu 800 de lei din fonduri proprii la cei 800 de lei cheltui\u021bi. Consultarea public\u0103 dureaz\u0103 10 zile\u201d, a scris ministrul pe pagina sa de Facebook.<\/p>\n<p>Ordonan\u021ba de urgen\u021b\u0103 a Guvernului nr. 156\/2024 privind unele m\u0103suri fiscal-bugetare \u00een domeniul cheltuielilor publice pentru fundamentarea bugetului general consolidat pe anul 2025, prevede c\u0103 institu\u021biile publice, indiferent de sistemul de finan\u021bare \u0219i de subordonare, inclusiv activit\u0103\u021bile finan\u021bate integral din venituri proprii, \u00eenfiin\u021bate pe l\u00e2ng\u0103 institu\u021biile publice, precum \u0219i serviciile publice autonome de interes na\u021bional, cu personalitate juridic\u0103, reglementate prin Legea nr. 41\/1994 privind organizarea \u0219i func\u021bionarea Societ\u0103\u021bii Rom\u00e2ne de Radiodifuziune \u0219i a Societ\u0103\u021bii Rom\u00e2ne de Televiziune, republicat\u0103, acord\u0103 vouchere de vacan\u021b\u0103 \u00een cuantum de 800 lei, \u00een perioada 1 ianuarie 2025-31 decembrie 2025, personalului ale c\u0103rui salarii de baz\u0103 nete din luna anterioar\u0103 acord\u0103rii acestora sunt de p\u00e2n\u0103 la 8.000 lei. Voucherele de vacan\u021b\u0103 emise \u00een cursul anului 2025 se utilizeaz\u0103 pentru plata a cel mult 50% din contravaloarea pachetelor de servicii turistice achizi\u021bionate, respectiv 800 de lei pentru achizi\u021bionarea de pachete de servicii turistice \u00een valoare de cel pu\u021bin 1.600 lei.<\/p>\n<p><a title=\"Minivacanta de primavara 2025. Romanii au parte de 8 zile libere in aprilie si mai \" href=\"https:\/\/www.realitatea.net\/stiri\/actual\/minivacanta-de-primavara-2025-romanii-au-parte-de-8-zile-libere-in-aprilie-si-mai_67e072614b2f4e5323207793\">Minivacan\u021ba de prim\u0103var\u0103 2025. Rom\u00e2nii au parte de 8 zile libere \u00een aprilie \u0219i mai<\/a><\/p>\n<p>Conform proiectului privind Normele metodologice pentru acordarea voucherelor de vacan\u021b\u0103, pentru anul 2025, salaria\u021bii din institu\u021biile publice care \u00eendeplinesc condi\u021biile din ordonan\u021ba de urgen\u021b\u0103 \u0219i opteaz\u0103 pentru acordarea voucherelor de vacan\u021b\u0103 \u00ee\u0219i exprim\u0103 \u00een scris angajamentul de a le utiliza pentru plata a cel mult 50% din contravaloarea pachetelor de servicii turistice achizi\u021bionate, respectiv 800 de lei pentru achizi\u021bionarea de pachete de servicii turistice \u00een valoare de cel pu\u021bin 1.600 lei \u0219i de a suporta suma de 800 lei din fonduri proprii, potrivit formularului prev\u0103zut ca model \u00een anexa proiectului.<\/p>\n<p>\u201dSe introduce o nou\u0103 anex\u0103, anexa nr. 13 &#8211; Declara\u021bia pe proprie r\u0103spundere a beneficiarilor voucherelor de vacan\u021b\u0103\u201d, se men\u021bioneaz\u0103 \u00een Nota de fundamentare a proiectului.<\/p>\n<p>Documentul mai prevede c\u0103 unit\u0103\u021bile emitente \u00eencheie contracte numai cu unit\u0103\u021bile afiliate care de\u021bin licen\u021b\u0103 de turism sau certificat de clasificare, dup\u0103 caz, emise de autoritatea administra\u021biei publice centrale responsabil\u0103 \u00een domeniul turismului \u0219i care sunt valabile la data \u00eencheierii contractului.<\/p>\n<p>\u201dLista unit\u0103\u021bilor turistice autorizate va fi transmis\u0103 unit\u0103\u021bilor emitente de c\u0103tre autoritatea administra\u021biei publice centrale responsabil\u0103 \u00een domeniul turismului prin publicarea pe site-ul oficial propriu\u201d, mai men\u021bioneaz\u0103 ministerul de resort.<\/p>\n<p>Vicepre\u0219edintele Asocia\u021biei Na\u021bionale a Agen\u021biilor de Turism (ANAT), Adrian Voican, anun\u021base anterior c\u0103 suma pe care statul o acord\u0103 \u00een acest an pentru voucherele de vacan\u021b\u0103 ar putea fi virat\u0103 din nou pe card, urm\u00e2nd s\u0103 fie emis \u00een acest sens un Ordin de ministru cu normele de aplicare.<\/p>\n<p><a title=\"Europenii isi anuleaza vacantele in SUA, in semn de protest fata de Trump\" href=\"https:\/\/www.realitatea.net\/stiri\/actual\/europenii-isi-anuleaza-vacantele-in-sua-in-semn-de-protest-fata-de-trump_67e16f1541b2ca645727d902\">Europenii \u00ee\u0219i anuleaz\u0103 vacan\u021bele \u00een SUA, \u00een semn de protest fa\u0163\u0103 de Trump<\/a><\/p>\n<p>\u201dO comisie a Ministerului Economiei, Digitaliz\u0103rii, Antreprenoriatului \u0219i Turismului (MEDAT), Ministerului de Finan\u021be, Ministerului Muncii \u0219i c\u00e2\u021biva reprezentan\u021bi ai industriei, emiten\u021bii de tichete \u0219i FHR, al\u0103turi de ANAT, s-a reunit, la Bucure\u0219ti, ca s\u0103 d\u0103m o dat\u0103 drumul la normele de aplicare la vouchere de vacan\u021b\u0103. \u0218ti\u021bi c\u0103 s-a redus cuantumul suportat de stat de la 1.600 lei la 800 lei pentru vouchere, dar nici m\u0103car n-au avut o exprimare fericit\u0103 \u00een acea &#8216;ordonan\u021b\u0103 trenule\u021b&#8217; \u0219i de aceea nu puteam s\u0103 o aplic\u0103m. P\u00e2n\u0103 acum nu s-au dat vouchere de vacan\u021b\u0103, pentru c\u0103 nu existau norme de aplicare. \u00cencercarea noastr\u0103 a fost c\u0103, dac\u0103 totu\u0219i s-au redus valoric s\u0103 nu punem presiune suplimentar\u0103 nici pe angajat &#8211; s\u0103 vin\u0103 el \u00eent\u00e2i cu bani de acas\u0103 c\u0103 o s\u0103 deconteze c\u00e2ndva, cineva &#8211; pentru c\u0103 am f\u0103cut ni\u0219te studii interne \u0219i am ajuns la concluzia c\u0103 85% din ei ar renun\u021ba \u00een condi\u021biile acestea. Nu func\u021bioneaz\u0103 a\u0219a \u0219i cred c\u0103 am ob\u021binut s\u0103 le punem banii pe card \u0219i gata, s\u0103 nu trebuiasc\u0103 ca ei s\u0103 crediteze statul \u00eenainte\u201d, a declarat Adrian Voican pentru Agerpres.<\/p>\n<p>El a precizat c\u0103, prin virarea celor 800 de lei pe card nu se va pune presiune nici pe angajator \u00een sensul de a se transforma \u201d\u00eentr-un fel de poli\u021bie economic\u0103\u201d care s\u0103 str\u00e2ng\u0103 facturi, OP-uri, carduri, ca s\u0103 dovedeasc\u0103 c\u0103 au fost cheltui\u021bi 1.600 de lei.<\/p>\n<p>\u201dP\u00e2n\u0103 la urm\u0103, toat\u0103 aceast\u0103 subven\u021bie s-a redus la 800 lei, din care 160 lei sunt CASS \u0219i impozit pe venit, mai r\u0103m\u00e2n 640 lei. C\u00e2t\u0103 poli\u021bie s\u0103 faci pentru 640 de lei? Probabil c\u0103 s-a ajuns la o declara\u021bie pe proprie r\u0103spundere \u0219i o aten\u021bionare din partea comercian\u021bilor, ca s\u0103 nu fie presiune nici pe ei. (&#8230;) Sper c\u0103 dup\u0103 aceast\u0103 \u00eent\u00e2lnire am ajuns la o concluzie \u00een sf\u00e2r\u0219it \u0219i o s\u0103 apar\u0103 un ordin de ministru cu normele de aplicare sau unul interministerial, cu normele de aplicare, \u0219i o s\u0103 debloc\u0103m voucherele de vacan\u021b\u0103\u201d, a mai spus Voican.<\/p>\n<p><a title='O romanca compara preturile din Tenerife cu cele din Romania: ,,Mai ieftin decat acasa!\"' href=\"https:\/\/www.realitatea.net\/stiri\/economie\/o-romanca-compara-preturile-din-tenerife-cu-cele-din-romania-mai-ieftin-decat-acasa_67e1d62a74f51b74d24a9d22\">O rom\u00e2nc\u0103 compar\u0103 pre\u021burile din Tenerife cu cele din Rom\u00e2nia: \u201eMai ieftin dec\u00e2t acas\u0103!\u201d<\/a><\/p>","protected":false},"excerpt":{"rendered":"<p>\u201dAm deschis ast\u0103zi consultarea public\u0103 pentru noile norme de accesare a voucherelor de vacan\u021b\u0103. Am&hellip;<\/p>\n","protected":false},"author":0,"featured_media":42836,"comment_status":"open","ping_status":"open","sticky":false,"template":"","format":"standard","meta":{"footnotes":""},"categories":[2],"tags":[],"class_list":["post-42835","post","type-post","status-publish","format-standard","has-post-thumbnail","hentry","category-actual"],"_links":{"self":[{"href":"https:\/\/247stiri.ro\/index.php\/wp-json\/wp\/v2\/posts\/42835","targetHints":{"allow":["GET"]}}],"collection":[{"href":"https:\/\/247stiri.ro\/index.php\/wp-json\/wp\/v2\/posts"}],"about":[{"href":"https:\/\/247stiri.ro\/index.php\/wp-json\/wp\/v2\/types\/post"}],"replies":[{"embeddable":true,"href":"https:\/\/247stiri.ro\/index.php\/wp-json\/wp\/v2\/comments?post=42835"}],"version-history":[{"count":0,"href":"https:\/\/247stiri.ro\/index.php\/wp-json\/wp\/v2\/posts\/42835\/revisions"}],"wp:featuredmedia":[{"embeddable":true,"href":"https:\/\/247stiri.ro\/index.php\/wp-json\/wp\/v2\/media\/42836"}],"wp:attachment":[{"href":"https:\/\/247stiri.ro\/index.php\/wp-json\/wp\/v2\/media?parent=42835"}],"wp:term":[{"taxonomy":"category","embeddable":true,"href":"https:\/\/247stiri.ro\/index.php\/wp-json\/wp\/v2\/categories?post=42835"},{"taxonomy":"post_tag","embeddable":true,"href":"https:\/\/247stiri.ro\/index.php\/wp-json\/wp\/v2\/tags?post=42835"}],"curies":[{"name":"wp","href":"https:\/\/api.w.org\/{rel}","templated":true}]}}