{"id":42837,"date":"2025-03-26T18:45:27","date_gmt":"2025-03-26T18:45:27","guid":{"rendered":"https:\/\/247stiri.ro\/index.php\/2025\/03\/26\/opt-protestatari-implicati-in-violentele-de-la-sediul-bec-dupa-respingerea-candidaturii-lui-calin-georgescu-au-fost-aresati-preventiv\/"},"modified":"2025-03-26T18:45:27","modified_gmt":"2025-03-26T18:45:27","slug":"opt-protestatari-implicati-in-violentele-de-la-sediul-bec-dupa-respingerea-candidaturii-lui-calin-georgescu-au-fost-aresati-preventiv","status":"publish","type":"post","link":"https:\/\/247stiri.ro\/index.php\/2025\/03\/26\/opt-protestatari-implicati-in-violentele-de-la-sediul-bec-dupa-respingerea-candidaturii-lui-calin-georgescu-au-fost-aresati-preventiv\/","title":{"rendered":"Opt protestatari implica\u021bi \u00een violen\u021bele de la sediul BEC, dup\u0103 respingerea candidaturii lui C\u0103lin Georgescu, au fost ARESA\u021aI preventiv"},"content":{"rendered":"<p>Mar\u021bi, cei nou\u0103 b\u0103rba\u021bi au fost re\u021binu\u021bi, mar\u021bi, pentru 24 de ore \u0219i s-a emis propunere de arestare preventiv\u0103.<\/p>\n<p>\u201eLa data de 25 martie 2025, procurorii Parchetului de pe l\u00e2ng\u0103 Tribunalul Bucure\u0219ti au pus \u00een mi\u0219care ac\u021biunea penal\u0103 \u00eempotriva a nou\u0103 inculpa\u021bi. Trei inculpa\u021bi sunt cerceta\u021bi pentru s\u0103v\u00e2r\u0219irea infrac\u021biunilor de ultraj \u0219i tulburare a ordinii \u0219i lini\u0219tii publice, trei inculpa\u021bi sunt cerceta\u021bi pentru s\u0103v\u00e2r\u0219irea infrac\u021biunilor de distrugere \u0219i tulburare a ordinii \u0219i lini\u0219tii publice \u0219i trei inculpa\u021bi sunt cerceta\u021bi pentru s\u0103v\u00e2r\u0219irea infrac\u021biunii de tulburare a ordinii \u0219i lini\u0219tii publice\u201d, a anun\u021bat Parchetul de pe l\u00e2ng\u0103 Tribunalul Bucure\u0219ti.<\/p>\n<p>\u00cen noaptea de 9-10 martie, inculpa\u021bii au participat la protestul desf\u0103\u0219urat \u00een fa\u021ba sediului Biroului Electoral Central \u0219i au aruncat cu diverse obiecte contondente \u00een direc\u021bia for\u021belor de ordine, unele dintre acestea lovindu-i pe jandarmi, au r\u0103sturnat \u0219i degradat autovehiculul unui post de televiziune, tulbur\u00e2nd ordinea \u0219i lini\u0219tea public\u0103.\u00a0<\/p>\n<p>Autorit\u0103\u021bile au transmis c\u0103 \u00een continuare se efectueaz\u0103 activit\u0103\u021bi pentru identificarea tuturor persoanelor care au exercitat acte similare \u00een contextul protestului amintit.\u00a0<\/p>","protected":false},"excerpt":{"rendered":"<p>Mar\u021bi, cei nou\u0103 b\u0103rba\u021bi au fost re\u021binu\u021bi, mar\u021bi, pentru 24 de ore \u0219i s-a emis&hellip;<\/p>\n","protected":false},"author":0,"featured_media":42838,"comment_status":"open","ping_status":"open","sticky":false,"template":"","format":"standard","meta":{"footnotes":""},"categories":[2],"tags":[],"class_list":["post-42837","post","type-post","status-publish","format-standard","has-post-thumbnail","hentry","category-actual"],"_links":{"self":[{"href":"https:\/\/247stiri.ro\/index.php\/wp-json\/wp\/v2\/posts\/42837","targetHints":{"allow":["GET"]}}],"collection":[{"href":"https:\/\/247stiri.ro\/index.php\/wp-json\/wp\/v2\/posts"}],"about":[{"href":"https:\/\/247stiri.ro\/index.php\/wp-json\/wp\/v2\/types\/post"}],"replies":[{"embeddable":true,"href":"https:\/\/247stiri.ro\/index.php\/wp-json\/wp\/v2\/comments?post=42837"}],"version-history":[{"count":0,"href":"https:\/\/247stiri.ro\/index.php\/wp-json\/wp\/v2\/posts\/42837\/revisions"}],"wp:featuredmedia":[{"embeddable":true,"href":"https:\/\/247stiri.ro\/index.php\/wp-json\/wp\/v2\/media\/42838"}],"wp:attachment":[{"href":"https:\/\/247stiri.ro\/index.php\/wp-json\/wp\/v2\/media?parent=42837"}],"wp:term":[{"taxonomy":"category","embeddable":true,"href":"https:\/\/247stiri.ro\/index.php\/wp-json\/wp\/v2\/categories?post=42837"},{"taxonomy":"post_tag","embeddable":true,"href":"https:\/\/247stiri.ro\/index.php\/wp-json\/wp\/v2\/tags?post=42837"}],"curies":[{"name":"wp","href":"https:\/\/api.w.org\/{rel}","templated":true}]}}