{"id":42867,"date":"2025-03-26T20:45:00","date_gmt":"2025-03-26T20:45:00","guid":{"rendered":"https:\/\/247stiri.ro\/index.php\/2025\/03\/26\/filiera-rusa-vucic-ponta-ghita-dezvaluiri-fara-precedent-omul-consiliat-de-ponta-seful-mafiei-din-serbia\/"},"modified":"2025-03-26T20:45:00","modified_gmt":"2025-03-26T20:45:00","slug":"filiera-rusa-vucic-ponta-ghita-dezvaluiri-fara-precedent-omul-consiliat-de-ponta-seful-mafiei-din-serbia","status":"publish","type":"post","link":"https:\/\/247stiri.ro\/index.php\/2025\/03\/26\/filiera-rusa-vucic-ponta-ghita-dezvaluiri-fara-precedent-omul-consiliat-de-ponta-seful-mafiei-din-serbia\/","title":{"rendered":"Filiera rus\u0103 Vucic &#8211; Ponta &#8211; Ghi\u021b\u0103. Dezv\u0103luiri f\u0103r\u0103 precedent: Omul consiliat de Ponta, \u0219eful mafiei din Serbia"},"content":{"rendered":"<p>Serviciile secrete coordonate de Aleksandar Vucic controleaz\u0103 \u00eentreaga via\u021b\u0103 din Serbia, unde mafia este ajutat\u0103 s\u0103 fac\u0103 afaceri \u00een numele statului. O \u00eentreag\u0103 re\u021bea de trafic de droguri \u0219i asasinate la comand\u0103 a fost descoperit\u0103 de Europol. \u00centreaga opera\u021biune f\u0103cut\u0103 sub acoperirea oamenilor lui Vucic a fost condus\u0103 de Velijko Belivuk, un personaj extrem de apropiat de conducerea politic\u0103 de la Belgrad \u0219i care a dezv\u0103luit c\u0103 re\u021beaua sa lucreaz\u0103 pentru pre\u0219edintele Serbiei.Omul mafiei s\u00e2rbe prins \u00een leg\u0103turi de afaceri cu mafia rus\u0103 a descris \u00een fa\u021ba judec\u0103torilor \u0219i procurorilor ce atrocit\u0103\u021bi au f\u0103cut pentru guvern. Unele dintre acestea au avut ca scop intimidarea opozi\u021biei \u0219i a mass-media. Jurnali\u0219tii de la New York Times dezv\u0103luie c\u0103 ancheta lor din teren despre gruparea Belivuk a fost una vizat\u0103 de intimid\u0103ri din partea serviciilor secrete s\u00e2rbe.<\/p>\n<p><a title=\"Caracatita Becali-Hrebenciuc-Ponta-Ghita, schema pentru putere\" href=\"https:\/\/www.realitatea.net\/stiri\/actual\/caracatita-becalihrebenciucpontaghita-schema-pentru-putere_67e2b9659b962d6cfe71e123\">Caracati\u021ba Becali-Hrebenciuc-Ponta-Ghi\u021b\u0103, schema pentru putere<\/a><\/p>\n<p>\u00cen tot acest peisaj al mafiei s\u00e2rbo-ruse\u0219ti, Sebastian Ghi\u021b\u0103 a primit azil politic pe motiv c\u0103 era persecutat politic \u00een Rom\u00e2nia. Justi\u021bia din Serbia care dorea \u00een 2016 s\u0103 demonstreze Uniunii Europene c\u0103 respect\u0103 standardele statului de drept a luat decizia de la proteja pe Ghi\u021b\u0103. \u00cen acest context plin de controverse, Victor Ponta a ajuns consilierul pre\u0219edintelui de la Belgrad \u0219i \u00een doar c\u00e2\u021biva ani a primit cet\u0103\u021benia s\u00e2rb\u0103.<\/p>\n<p>Sebastian Ghi\u021b\u0103 a f\u0103cut milioane de euro din afaceri cu serviciile de informa\u021bii \u0219i cu structurile statului, care erau conduse de Victor Ponta si Liviu Dragnea. Numai Agen\u021bia Na\u021bional\u0103 de Cadastru i-a pl\u0103tit lui Ghi\u021b\u0103 aproape 55 milioane de euro pentru ni\u0219te softuri, computere \u0219i servere. 46 milioane de euro au fost \u00eencasate cu girul lui Dragnea pe c\u00e2nd era ministru al Dezvolt\u0103rii Regionale.<\/p>\n<p>Firma lui Ghi\u021b\u0103, \u201cTeamnet International\u201d, \u00eempreun\u0103 cu firma s\u00e2rbeasc\u0103 \u201cProinter IT Solutions and Services\u201d, trebuiau s\u0103 controleze \u00eentregul sistem informatic al Serbiei \u0219i s\u0103 ofere tehnologie inclusiv serviciilor secrete, care sunt \u00een str\u00e2ns\u0103 leg\u0103tur\u0103 cu cele ruse\u0219ti. Respectiva re\u021bea informatic\u0103 s\u00e2rb\u0103 a fost instalat\u0103 \u00eentre timp, chiar dac\u0103 oficial Ghi\u021b\u0103 \u0219i \u201cTeamnet International\u201d nu au mai participat la ea.<\/p>\n<p>Serbia e platforma oficioas\u0103 a Rusiei \u00een Balcani la fel cum e Siria \u00een Orientul Apropiat. Vu\u010di\u0107 a organizat o parad\u0103 militar\u0103 pentru Putin, Rusia are celule militare \u0219i FSB \u00een Serbia. Vucic a fost membru de frunte al forma\u021biunii paramilitare Srpska radikalna stranka a criminalului de r\u0103zboi Vojislav \u0160e\u0161elj \u0219i a mai fost ministrul informa\u021biilor sub Solobodan Milo\u0219evici, condamant pentru crime de r\u0103zboi dup\u0103 conflictul din Balcani.\u00a0<\/p>\n<p><a title=\"Ipocrizie fara margini! Victor Ponta, suveranistul vopsit, il copiaza pe Georgescu \" href=\"https:\/\/www.realitatea.net\/stiri\/politica\/ipocrizie-fara-margini-victor-ponta-suveranistul-vopsit-il-copiaza-pe-georgescu_67e395ed14688914de43f642\">Ipocrizie f\u0103r\u0103 margini! Victor Ponta, suveranistul vopsit, \u00eel copiaz\u0103 pe Georgescu<\/a><\/p>","protected":false},"excerpt":{"rendered":"<p>Serviciile secrete coordonate de Aleksandar Vucic controleaz\u0103 \u00eentreaga via\u021b\u0103 din Serbia, unde mafia este ajutat\u0103&hellip;<\/p>\n","protected":false},"author":0,"featured_media":42868,"comment_status":"open","ping_status":"open","sticky":false,"template":"","format":"standard","meta":{"footnotes":""},"categories":[2],"tags":[],"class_list":["post-42867","post","type-post","status-publish","format-standard","has-post-thumbnail","hentry","category-actual"],"_links":{"self":[{"href":"https:\/\/247stiri.ro\/index.php\/wp-json\/wp\/v2\/posts\/42867","targetHints":{"allow":["GET"]}}],"collection":[{"href":"https:\/\/247stiri.ro\/index.php\/wp-json\/wp\/v2\/posts"}],"about":[{"href":"https:\/\/247stiri.ro\/index.php\/wp-json\/wp\/v2\/types\/post"}],"replies":[{"embeddable":true,"href":"https:\/\/247stiri.ro\/index.php\/wp-json\/wp\/v2\/comments?post=42867"}],"version-history":[{"count":0,"href":"https:\/\/247stiri.ro\/index.php\/wp-json\/wp\/v2\/posts\/42867\/revisions"}],"wp:featuredmedia":[{"embeddable":true,"href":"https:\/\/247stiri.ro\/index.php\/wp-json\/wp\/v2\/media\/42868"}],"wp:attachment":[{"href":"https:\/\/247stiri.ro\/index.php\/wp-json\/wp\/v2\/media?parent=42867"}],"wp:term":[{"taxonomy":"category","embeddable":true,"href":"https:\/\/247stiri.ro\/index.php\/wp-json\/wp\/v2\/categories?post=42867"},{"taxonomy":"post_tag","embeddable":true,"href":"https:\/\/247stiri.ro\/index.php\/wp-json\/wp\/v2\/tags?post=42867"}],"curies":[{"name":"wp","href":"https:\/\/api.w.org\/{rel}","templated":true}]}}