{"id":42873,"date":"2025-03-26T21:45:06","date_gmt":"2025-03-26T21:45:06","guid":{"rendered":"https:\/\/247stiri.ro\/index.php\/2025\/03\/26\/zelenski-anunta-ca-ucraina-nu-va-ceda-niciodata-rusiei-teritoriile-ocupate\/"},"modified":"2025-03-26T21:45:06","modified_gmt":"2025-03-26T21:45:06","slug":"zelenski-anunta-ca-ucraina-nu-va-ceda-niciodata-rusiei-teritoriile-ocupate","status":"publish","type":"post","link":"https:\/\/247stiri.ro\/index.php\/2025\/03\/26\/zelenski-anunta-ca-ucraina-nu-va-ceda-niciodata-rusiei-teritoriile-ocupate\/","title":{"rendered":"Zelenski anun\u021b\u0103 c\u0103 Ucraina nu va ceda \u201dniciodat\u0103\u201d Rusiei teritoriile ocupate"},"content":{"rendered":"<p>\u201dNu vom ceda nicodat\u0103 Rusiei teritoriile noastre ocupate\u201d, declar\u0103 \u015feful statului ucrainean Le Figaro, care public\u0103 fragmente din aces interviu miercuri seara, \u00een timpul unei vizite a acestuia la Paris, unde a fost primit de c\u0103tre omologul s\u0103u francez Emmanuel Macron la Palatul Elysee.<\/p>\n<p>\u201dAceste p\u0103m\u00e2nturi le apar\u0163in ucrainenilor. C\u00e2nd le vom recupera? F\u0103r\u0103 \u00eendoial\u0103 nu imediat. Poate c\u0103 va trebui s\u0103 o facem diplomatic\u201d, declar\u0103 el.<\/p>\n<p>Ucrainenii \u201d\u0163in\u201d pe front mul\u0163umit\u0103 \u201durii ru\u015filor\u201d, declar\u0103 Volodimir Zelenski.<\/p>\n<p>\u201dVreau ca copiii \u015fi nepo\u0163ii no\u015ftri s\u0103 tr\u0103iasc\u0103 \u00eentr-o lume liber\u0103. O lume liber\u0103 \u00een Ucraina. nu afar\u0103, nu \u00een Europa\u201d, a mai precizat liderul ucrainean, potrivit news.ro.<\/p>\n<p>\u00centrebat dac\u0103 va discuta cu Macron despre desf\u0103\u015furarea unor trupe europene \u00een Ucraina, Zelenski r\u0103spunde c\u0103 vor vorbi despre \u201dcontingente\u201d \u015fi \u201ddefinirea nevoilor\u201d.<\/p>","protected":false},"excerpt":{"rendered":"<p>\u201dNu vom ceda nicodat\u0103 Rusiei teritoriile noastre ocupate\u201d, declar\u0103 \u015feful statului ucrainean Le Figaro, care&hellip;<\/p>\n","protected":false},"author":0,"featured_media":42874,"comment_status":"open","ping_status":"open","sticky":false,"template":"","format":"standard","meta":{"footnotes":""},"categories":[4],"tags":[],"class_list":["post-42873","post","type-post","status-publish","format-standard","has-post-thumbnail","hentry","category-extern"],"_links":{"self":[{"href":"https:\/\/247stiri.ro\/index.php\/wp-json\/wp\/v2\/posts\/42873","targetHints":{"allow":["GET"]}}],"collection":[{"href":"https:\/\/247stiri.ro\/index.php\/wp-json\/wp\/v2\/posts"}],"about":[{"href":"https:\/\/247stiri.ro\/index.php\/wp-json\/wp\/v2\/types\/post"}],"replies":[{"embeddable":true,"href":"https:\/\/247stiri.ro\/index.php\/wp-json\/wp\/v2\/comments?post=42873"}],"version-history":[{"count":0,"href":"https:\/\/247stiri.ro\/index.php\/wp-json\/wp\/v2\/posts\/42873\/revisions"}],"wp:featuredmedia":[{"embeddable":true,"href":"https:\/\/247stiri.ro\/index.php\/wp-json\/wp\/v2\/media\/42874"}],"wp:attachment":[{"href":"https:\/\/247stiri.ro\/index.php\/wp-json\/wp\/v2\/media?parent=42873"}],"wp:term":[{"taxonomy":"category","embeddable":true,"href":"https:\/\/247stiri.ro\/index.php\/wp-json\/wp\/v2\/categories?post=42873"},{"taxonomy":"post_tag","embeddable":true,"href":"https:\/\/247stiri.ro\/index.php\/wp-json\/wp\/v2\/tags?post=42873"}],"curies":[{"name":"wp","href":"https:\/\/api.w.org\/{rel}","templated":true}]}}