{"id":42877,"date":"2025-03-26T21:45:08","date_gmt":"2025-03-26T21:45:08","guid":{"rendered":"https:\/\/247stiri.ro\/index.php\/2025\/03\/26\/pozitie-ferma-a-sefului-nato-nu-va-exista-o-normalizare-a-relatiilor-cu-rusia-dupa-razboiul-din-ucraina\/"},"modified":"2025-03-26T21:45:08","modified_gmt":"2025-03-26T21:45:08","slug":"pozitie-ferma-a-sefului-nato-nu-va-exista-o-normalizare-a-relatiilor-cu-rusia-dupa-razboiul-din-ucraina","status":"publish","type":"post","link":"https:\/\/247stiri.ro\/index.php\/2025\/03\/26\/pozitie-ferma-a-sefului-nato-nu-va-exista-o-normalizare-a-relatiilor-cu-rusia-dupa-razboiul-din-ucraina\/","title":{"rendered":"Pozi\u021bie ferm\u0103 a \u0219efului NATO: Nu va exista o normalizare a rela\u021biilor cu Rusia dup\u0103 r\u0103zboiul din Ucraina"},"content":{"rendered":"<p>\u201dAsta nu se va \u00eent\u00e2mpla. Va dura decenii, pentru c\u0103 exist\u0103 o lips\u0103 total\u0103 de \u00eencredere (\u00eentre p\u0103r\u021bi). Amenin\u021barea este \u00eenc\u0103 acolo. Chiar dac\u0103 r\u0103zboiul se \u00eencheie, amenin\u021barea rus\u0103 este \u00eenc\u0103 acolo\u201d, le-a declarat Rutte jurnali\u0219tilor la Var\u0219ovia, unde miercuri s-a aflat \u00eentr-o vizit\u0103 de lucru.<\/p>\n<p>Mark Rutte s-a declarat \u201doptimist \u0219i pozitiv\u201d \u00een evaluarea ini\u021biativei SUA de a negocia cu Ucraina \u0219i Rusia pentru &#8216;ie\u0219irea din impas&#8217; \u00een r\u0103zboiul ruso-ucrainean, conform EFE.<\/p>\n<p>\u00cen cursul unei conferin\u021be la Warsaw School of Economics, Rutte a subliniat c\u0103 negocierile conduse de SUA sunt \u00een conformitate cu aspira\u021biile ucrainene \u0219i europene de \u201da aduce Ucraina la o pace durabil\u0103 \u0219i ca (Vladimir) Putin s\u0103 nu mai \u00eencerce niciodat\u0103 s\u0103 atace Ucraina\u201d.<\/p>\n<p>De\u0219i \u0219i-a exprimat speran\u021ba cu privire la procesul \u00een curs, secretarul general al NATO a recunoscut incertitudinea cu privire la detaliile specifice ale unui posibil acord de pace care ar fi acceptat de ambele p\u0103r\u021bi \u0219i \u00een leg\u0103tur\u0103 cu \u00eencetarea focului. \u201dNu pot prezice acum exact cum vor ar\u0103ta acordul de pace \u0219i cel de \u00eencetare a focului, pentru c\u0103 acestea se discut\u0103 acum\u201d, a spus el.<\/p>\n<p>Cu toate acestea, Mark Rutte a afirmat c\u0103 orice rezultat trebuie s\u0103 garanteze stabilitatea pe termen lung \u0219i c\u0103, \u201doricare ar fi rezultatul, acesta trebuie s\u0103 fie durabil\u201d.<\/p>\n<p>\u00centrebat cu privire la atitudinea pre\u0219edintelui american Donald Trump fa\u021b\u0103 de pre\u0219edintele rus Vladimir Putin \u0219i cel ucrainean Volodimir Zelenski, Rutte a spus c\u0103 at\u00e2t liderul american, c\u00e2t \u0219i administra\u021bia sa sunt \u201dexperimenta\u021bi\u201d \u0219i \u201ddeloc naivi\u201d, deoarece &#8216;sunt con\u0219tien\u021bi cu cine au de-a face&#8217;.<\/p>\n<p><a title=\"Ministrul Apararii, Angel Tilvar, intrevedere cu seful NATO. Ce au discutat cei doi oficiali\" href=\"https:\/\/www.realitatea.net\/stiri\/actual\/ministrul-apararii-angel-tilvar-intrevedere-cu-seful-nato-ce-au-discutat-cei-doi-oficiali_67e3120c3642df4597559dc2\">Ministrul Ap\u0103r\u0103rii, Angel T\u00eelv\u0103r, \u00eentrevedere cu \u0219eful NATO. Ce au discutat cei doi oficiali<\/a><\/p>\n<p>Totodat\u0103, secretarul general al NATO a subliniat, de asemenea, c\u0103 \u201dnu Statele Unite \u00eei for\u021beaz\u0103 pe europeni s\u0103 cheltuiasc\u0103 mai mult pentru ap\u0103rarea lor, ci Rusia\u201d, care a dat na\u0219tere unui nou scenariu de insecuritate prin \u201datacul incon\u0219tient\u201d asupra Ucrainei \u00een 2022, scrie Agerpres.<\/p>\n<p>Referindu-se la cererile Washingtonului ca alia\u021bii din NATO s\u0103-\u0219i majoreze cheltuielile de ap\u0103rare, Rutte a declarat c\u0103 \u201dEuropa trebuie s\u0103 fie con\u0219tient\u0103 c\u0103 \u201dUnchiul Sam\u201d o sprijin\u0103, dar \u0219i Washingtonul trebuie s\u0103 \u0219tie c\u0103 alia\u021bii din NATO sunt la \u00een\u0103l\u021bimea sarcinii\u201d. \u00cen acest sens, el a l\u0103udat Polonia \u0219i \u021b\u0103rile baltice pentru &#8216;inten\u021bia lor de a aloca 5% (din produsul lor intern brut) \u00een urm\u0103torii ani\u201d.<\/p>\n<p>\u00cen acela\u0219i timp, Rutte a afirmat c\u0103 Europa poate avea \u00een continuare \u00eencredere \u00een administra\u021bia de la Washington, dup\u0103 o bre\u0219\u0103 de securitate major\u0103, ca urmare a includerii din gre\u0219eal\u0103 a unui jurnalist \u00eentr-un grup de chat la care participau \u00eenal\u021bi responsabili americani, \u00eentre care secretarul ap\u0103r\u0103rii \u0219i vicepre\u0219edintele SUA, pentru a coordona lovituri militare americane asupra rebelilor houthi din Yemen.<\/p>\n<p>Jeffrey Goldberg, redactor-\u0219ef al publica\u021biei The Atlantic, a declarat luni \u00eentr-un articol c\u0103 a fost invitat \u00een mod nea\u0219teptat \u00een grupul de chat criptat de pe aplica\u021bia de mesagerie Signal.<\/p>\n<p>Capturi de ecran ale chat-ului publicate miercuri de The Atlantic indic\u0103 faptul c\u0103 secretarul american al ap\u0103r\u0103rii, Pete Hegseth, a trimis prin SMS planuri de ucidere a unui lider militant houthi din Yemen cu dou\u0103 ore \u00eenainte de o opera\u021biune militar\u0103 care, \u00een mod normal, ar fi un secret bine p\u0103zit.<\/p>\n<p><a title=\"VIDEO. Miscari de trupe americane azi, la baza Mihail Kogalniceanu. Evenimentul care aduce informatii despre prezenta armatei SUA in Romania\" href=\"https:\/\/www.realitatea.net\/stiri\/actual\/video-miscari-de-trupe-americane-azi-la-baza-mihail-kogalniceanu-evenimentul-care-aduce-informatii-despre-prezenta-armatei-americane-in-romania_67e43c942cebc7651a5cb2da\">VIDEO. Mi\u0219c\u0103ri de trupe americane azi, la baza Mihail Kog\u0103lniceanu. Evenimentul care aduce informa\u021bii despre prezen\u021ba armatei SUA \u00een Rom\u00e2nia<\/a><\/p>","protected":false},"excerpt":{"rendered":"<p>\u201dAsta nu se va \u00eent\u00e2mpla. Va dura decenii, pentru c\u0103 exist\u0103 o lips\u0103 total\u0103 de&hellip;<\/p>\n","protected":false},"author":0,"featured_media":42876,"comment_status":"open","ping_status":"open","sticky":false,"template":"","format":"standard","meta":{"footnotes":""},"categories":[2],"tags":[],"class_list":["post-42877","post","type-post","status-publish","format-standard","has-post-thumbnail","hentry","category-actual"],"_links":{"self":[{"href":"https:\/\/247stiri.ro\/index.php\/wp-json\/wp\/v2\/posts\/42877","targetHints":{"allow":["GET"]}}],"collection":[{"href":"https:\/\/247stiri.ro\/index.php\/wp-json\/wp\/v2\/posts"}],"about":[{"href":"https:\/\/247stiri.ro\/index.php\/wp-json\/wp\/v2\/types\/post"}],"replies":[{"embeddable":true,"href":"https:\/\/247stiri.ro\/index.php\/wp-json\/wp\/v2\/comments?post=42877"}],"version-history":[{"count":0,"href":"https:\/\/247stiri.ro\/index.php\/wp-json\/wp\/v2\/posts\/42877\/revisions"}],"wp:featuredmedia":[{"embeddable":true,"href":"https:\/\/247stiri.ro\/index.php\/wp-json\/wp\/v2\/media\/42876"}],"wp:attachment":[{"href":"https:\/\/247stiri.ro\/index.php\/wp-json\/wp\/v2\/media?parent=42877"}],"wp:term":[{"taxonomy":"category","embeddable":true,"href":"https:\/\/247stiri.ro\/index.php\/wp-json\/wp\/v2\/categories?post=42877"},{"taxonomy":"post_tag","embeddable":true,"href":"https:\/\/247stiri.ro\/index.php\/wp-json\/wp\/v2\/tags?post=42877"}],"curies":[{"name":"wp","href":"https:\/\/api.w.org\/{rel}","templated":true}]}}