{"id":42899,"date":"2025-03-27T05:44:55","date_gmt":"2025-03-27T05:44:55","guid":{"rendered":"https:\/\/247stiri.ro\/index.php\/2025\/03\/27\/rares-bogdan-cei-care-lingeau-clante-la-ambasade-dupa-aprobare-de-la-marele-licurici-ne-spun-azi-cat-de-rea-e-america\/"},"modified":"2025-03-27T05:44:55","modified_gmt":"2025-03-27T05:44:55","slug":"rares-bogdan-cei-care-lingeau-clante-la-ambasade-dupa-aprobare-de-la-marele-licurici-ne-spun-azi-cat-de-rea-e-america","status":"publish","type":"post","link":"https:\/\/247stiri.ro\/index.php\/2025\/03\/27\/rares-bogdan-cei-care-lingeau-clante-la-ambasade-dupa-aprobare-de-la-marele-licurici-ne-spun-azi-cat-de-rea-e-america\/","title":{"rendered":"Rare\u0219 Bogdan: Cei care lingeau clan\u021be la ambasade dup\u0103 aprobare de la \u201dmarele licurici\u201d ne spun azi c\u00e2t de rea e America"},"content":{"rendered":"<p>Eurodeputatul PNL Rare\u0219 Bogdan vorbe\u0219te \u00een podcastul \u201dContraste\u201d de pe Cluj24, realizat de Florin Danciu la Bruxelles, despre SUA administra\u021bia Trump \u0219i spune c\u0103 America nu este du\u0219manul Europei.<\/p>\n<p>\u201dMi se pare o radicalizare \u0219i o trecere dintr-o extrem\u0103 \u00een alta. Cei care lingeau clan\u021be la ambasade \u0219i ne explicau c\u0103 nu putem face nimic f\u0103r\u0103 s\u0103 primim aprobare de la &#8222;marele licurici&#8221;, aceia\u0219i ast\u0103zi vin \u0219i ne explic\u0103 c\u00e2t de rea e America \u0219i cum America este du\u0219manul Europei.<\/p>\n<p>Nu, America nu este du\u0219manul Europei. Nu va abandona Europa\u201d, a spus Bogdan.<\/p>\n<p>\u201dDac\u0103 era scoas\u0103 doar Rom\u00e2nia din programul Visa Waiver, eram extrem de speriat, eram \u00eentr-o situa\u021bie complicat\u0103. Av\u00e2nd \u00een vedere c\u0103 am v\u0103zut pe site-ul Departamentului de Stat c\u0103 nu e vorba, \u0219i la Homeland Security, c\u0103 nu e vorba doar de Rom\u00e2nia, ci e vorba de o scalare \u0219i de o politic\u0103 pe care Statele Unite o face cu privire la migra\u021bie privind toate continentele \u0219i foarte multe \u021b\u0103ri care erau \u00een situa\u021bia Rom\u00e2niei, nu este at\u00e2t de grav\u201d, a mai spus Bogdan, citat de <a href=\"https:\/\/cluj24.ro\/video-rares-bogdan-cei-care-lingeau-clante-la-ambasade-dupa-aprobare-de-la-marele-licurici-ne-spun-azi-cat-de-rea-e-america-241515.html\" target=\"_blank\">cluj24.ro<\/a>.<\/p>","protected":false},"excerpt":{"rendered":"<p>Eurodeputatul PNL Rare\u0219 Bogdan vorbe\u0219te \u00een podcastul \u201dContraste\u201d de pe Cluj24, realizat de Florin Danciu&hellip;<\/p>\n","protected":false},"author":0,"featured_media":42900,"comment_status":"open","ping_status":"open","sticky":false,"template":"","format":"standard","meta":{"footnotes":""},"categories":[3],"tags":[],"class_list":["post-42899","post","type-post","status-publish","format-standard","has-post-thumbnail","hentry","category-politica"],"_links":{"self":[{"href":"https:\/\/247stiri.ro\/index.php\/wp-json\/wp\/v2\/posts\/42899","targetHints":{"allow":["GET"]}}],"collection":[{"href":"https:\/\/247stiri.ro\/index.php\/wp-json\/wp\/v2\/posts"}],"about":[{"href":"https:\/\/247stiri.ro\/index.php\/wp-json\/wp\/v2\/types\/post"}],"replies":[{"embeddable":true,"href":"https:\/\/247stiri.ro\/index.php\/wp-json\/wp\/v2\/comments?post=42899"}],"version-history":[{"count":0,"href":"https:\/\/247stiri.ro\/index.php\/wp-json\/wp\/v2\/posts\/42899\/revisions"}],"wp:featuredmedia":[{"embeddable":true,"href":"https:\/\/247stiri.ro\/index.php\/wp-json\/wp\/v2\/media\/42900"}],"wp:attachment":[{"href":"https:\/\/247stiri.ro\/index.php\/wp-json\/wp\/v2\/media?parent=42899"}],"wp:term":[{"taxonomy":"category","embeddable":true,"href":"https:\/\/247stiri.ro\/index.php\/wp-json\/wp\/v2\/categories?post=42899"},{"taxonomy":"post_tag","embeddable":true,"href":"https:\/\/247stiri.ro\/index.php\/wp-json\/wp\/v2\/tags?post=42899"}],"curies":[{"name":"wp","href":"https:\/\/api.w.org\/{rel}","templated":true}]}}