{"id":42919,"date":"2025-03-27T06:44:56","date_gmt":"2025-03-27T06:44:56","guid":{"rendered":"https:\/\/247stiri.ro\/index.php\/2025\/03\/27\/ilie-bolojan-participa-la-paris-la-reuniunea-sefilor-de-stat-si-de-guvern-privind-securitatea-in-ucraina\/"},"modified":"2025-03-27T06:44:56","modified_gmt":"2025-03-27T06:44:56","slug":"ilie-bolojan-participa-la-paris-la-reuniunea-sefilor-de-stat-si-de-guvern-privind-securitatea-in-ucraina","status":"publish","type":"post","link":"https:\/\/247stiri.ro\/index.php\/2025\/03\/27\/ilie-bolojan-participa-la-paris-la-reuniunea-sefilor-de-stat-si-de-guvern-privind-securitatea-in-ucraina\/","title":{"rendered":"Ilie Bolojan particip\u0103, la Paris, la reuniunea \u0219efilor de stat \u0219i de guvern privind securitatea \u00een Ucraina"},"content":{"rendered":"<p>Potrivit agendei, \u0219eful statului ia parte la aceast\u0103 reuniune \u00eencep\u00e2nd cu ora 10:25 (ora Rom\u00e2niei).<\/p>\n<p>S\u0103pt\u0103m\u00e2na trecut\u0103, dup\u0103 reuniunea Consiliului European de la Bruxelles, pre\u0219edintele interimar Ilie Bolojan a fost \u00eentrebat care este principalul scop al Summitului de la Paris \u0219i ce progrese s-ar putea \u00eenregistra.<\/p>\n<p>&#8222;Cel pu\u021bin \u00een perioada urm\u0103toare, vor continua discu\u021biile legate de acest plan pe care Europa \u00eel sus\u021bine pentru a-\u0219i consolida ap\u0103rarea, inclusiv pentru a sus\u021bine ca, dup\u0103 \u00eencetarea focului \u00een Ucraina, la care sper\u0103m s\u0103 se ajung\u0103 c\u00e2t mai repede, s\u0103 existe ni\u0219te condi\u021bii asiguratorii, pentru a avea o securitate care s\u0103 fie asigurat\u0103 pentru Ucraina. \u0218i, deci, Rom\u00e2nia, chiar dac\u0103, a\u0219a cum am mai spus, nu vom trimite sub nicio form\u0103 trupe \u00een Ucraina, va participa la aceste discu\u021bii, at\u00e2t cele tehnice, care \u021bin de zona militar\u0103, pentru c\u0103 aceste aspecte care \u021bin de planific\u0103ri, de strategii, \u0219i care tranziteaz\u0103, de exemplu, \u00een Rom\u00e2nia, au nevoie de datele respective, pentru ca Statul Major s\u0103 fie informat cu ceea ce se are \u00een vedere. \u0218i vom participa la aceste discu\u021bii, a\u0219a am convenit \u0219i asta este pozi\u021bia noastr\u0103&#8221;, a declarat Bolojan, pe 20 martie.<\/p>\n<p>Ilie Bolojan a participat pe 15 martie la reuniunea \u00een format de videoconferin\u021b\u0103 convocat\u0103 de premierul britanic, Keir Starmer, unde a subliniat angajamentul Rom\u00e2niei de a continua sprijinul pentru Ucraina \u0219i pentru eforturile de asigurare a unei p\u0103ci durabile \u0219i corecte.<\/p>\n<p>&#8222;Coordonarea noastr\u0103 str\u00e2ns\u0103 \u00een acest proces r\u0103m\u00e2ne esen\u021bial\u0103. Am subliniat angajamentul Rom\u00e2niei de a continua sprijinul pentru Ucraina \u0219i pentru eforturile de asigurare a unei p\u0103ci durabile \u0219i corecte. O \u00eencetare necondi\u021bionat\u0103 a focului este un prim pas c\u0103tre acest obiectiv, iar Ucraina trebuie s\u0103 fie de acord cu aceasta&#8221;, scria Ilie Bolojan, pe platforma X, dup\u0103 reuniune.<\/p>","protected":false},"excerpt":{"rendered":"<p>Potrivit agendei, \u0219eful statului ia parte la aceast\u0103 reuniune \u00eencep\u00e2nd cu ora 10:25 (ora Rom\u00e2niei).&hellip;<\/p>\n","protected":false},"author":0,"featured_media":42916,"comment_status":"open","ping_status":"open","sticky":false,"template":"","format":"standard","meta":{"footnotes":""},"categories":[3],"tags":[],"class_list":["post-42919","post","type-post","status-publish","format-standard","has-post-thumbnail","hentry","category-politica"],"_links":{"self":[{"href":"https:\/\/247stiri.ro\/index.php\/wp-json\/wp\/v2\/posts\/42919","targetHints":{"allow":["GET"]}}],"collection":[{"href":"https:\/\/247stiri.ro\/index.php\/wp-json\/wp\/v2\/posts"}],"about":[{"href":"https:\/\/247stiri.ro\/index.php\/wp-json\/wp\/v2\/types\/post"}],"replies":[{"embeddable":true,"href":"https:\/\/247stiri.ro\/index.php\/wp-json\/wp\/v2\/comments?post=42919"}],"version-history":[{"count":0,"href":"https:\/\/247stiri.ro\/index.php\/wp-json\/wp\/v2\/posts\/42919\/revisions"}],"wp:featuredmedia":[{"embeddable":true,"href":"https:\/\/247stiri.ro\/index.php\/wp-json\/wp\/v2\/media\/42916"}],"wp:attachment":[{"href":"https:\/\/247stiri.ro\/index.php\/wp-json\/wp\/v2\/media?parent=42919"}],"wp:term":[{"taxonomy":"category","embeddable":true,"href":"https:\/\/247stiri.ro\/index.php\/wp-json\/wp\/v2\/categories?post=42919"},{"taxonomy":"post_tag","embeddable":true,"href":"https:\/\/247stiri.ro\/index.php\/wp-json\/wp\/v2\/tags?post=42919"}],"curies":[{"name":"wp","href":"https:\/\/api.w.org\/{rel}","templated":true}]}}