{"id":42923,"date":"2025-03-27T06:44:58","date_gmt":"2025-03-27T06:44:58","guid":{"rendered":"https:\/\/247stiri.ro\/index.php\/2025\/03\/27\/accident-grav-in-jud-arad-un-tir-si-o-autobasculanta-cu-nisip-s-au-ciocnit-pe-dn-7-ambii-soferi-au-murit-circulatia-in-zona-oprita\/"},"modified":"2025-03-27T06:44:58","modified_gmt":"2025-03-27T06:44:58","slug":"accident-grav-in-jud-arad-un-tir-si-o-autobasculanta-cu-nisip-s-au-ciocnit-pe-dn-7-ambii-soferi-au-murit-circulatia-in-zona-oprita","status":"publish","type":"post","link":"https:\/\/247stiri.ro\/index.php\/2025\/03\/27\/accident-grav-in-jud-arad-un-tir-si-o-autobasculanta-cu-nisip-s-au-ciocnit-pe-dn-7-ambii-soferi-au-murit-circulatia-in-zona-oprita\/","title":{"rendered":"Accident grav, \u00een jud. Arad: un TIR \u0219i o autobasculant\u0103 cu nisip s-au ciocnit, pe DN 7. Ambii \u0219oferi au murit &#8211; circula\u021bia \u00een zon\u0103, oprit\u0103"},"content":{"rendered":"<p>\u00cen urma accidentului, a izbucnit un incendiu la nivelul autotrenului, iar autobasculanta a fost proiectat\u0103 \u00een \u0219an\u021b.<\/p>\n<p>Cei doi conduc\u0103tori auto au decedat.<\/p>\n\n<p>Pentru misiune au fost alocate for\u021be \u0219i mijloace din cadrul Deta\u0219amentului de Pompieri Arad, cu dou\u0103 autospeciale de stingere, o autospecial\u0103 de descarcerare \u0219i dou\u0103 ambulan\u021be SMURD, dintre care una de Terapie Intensiv\u0103 Mobil\u0103, a informat ISU Arad.<\/p>\n<p>La sosirea echipajelor de interven\u021bie, unul dintre autotrenuri ardea generalizat, iar \u00een urma accidentului au rezultat dou\u0103 victime &#8211; \u0219oferii celor dou\u0103 autovehicule &#8211; care, din nefericire, prezentau leziuni incompatibile cu via\u021ba, decesul fiind declarat de c\u0103tre echipajul medical.<\/p>\n<p>Traficul rutier este oprit \u00een ambele direc\u021bii, fiind deviat pe rute ocolitoare, respectiv Centura Municipiului Arad.<\/p>\n<p>Conform DRDP Timi\u0219oara, se estimeaz\u0103 reluarea circula\u021biei \u00een condi\u021bii normale \u00een jurul orei 11:00.\u00a0<\/p>\n<p>\u00a0<\/p>","protected":false},"excerpt":{"rendered":"<p>\u00cen urma accidentului, a izbucnit un incendiu la nivelul autotrenului, iar autobasculanta a fost proiectat\u0103&hellip;<\/p>\n","protected":false},"author":0,"featured_media":42924,"comment_status":"open","ping_status":"open","sticky":false,"template":"","format":"standard","meta":{"footnotes":""},"categories":[2],"tags":[],"class_list":["post-42923","post","type-post","status-publish","format-standard","has-post-thumbnail","hentry","category-actual"],"_links":{"self":[{"href":"https:\/\/247stiri.ro\/index.php\/wp-json\/wp\/v2\/posts\/42923","targetHints":{"allow":["GET"]}}],"collection":[{"href":"https:\/\/247stiri.ro\/index.php\/wp-json\/wp\/v2\/posts"}],"about":[{"href":"https:\/\/247stiri.ro\/index.php\/wp-json\/wp\/v2\/types\/post"}],"replies":[{"embeddable":true,"href":"https:\/\/247stiri.ro\/index.php\/wp-json\/wp\/v2\/comments?post=42923"}],"version-history":[{"count":0,"href":"https:\/\/247stiri.ro\/index.php\/wp-json\/wp\/v2\/posts\/42923\/revisions"}],"wp:featuredmedia":[{"embeddable":true,"href":"https:\/\/247stiri.ro\/index.php\/wp-json\/wp\/v2\/media\/42924"}],"wp:attachment":[{"href":"https:\/\/247stiri.ro\/index.php\/wp-json\/wp\/v2\/media?parent=42923"}],"wp:term":[{"taxonomy":"category","embeddable":true,"href":"https:\/\/247stiri.ro\/index.php\/wp-json\/wp\/v2\/categories?post=42923"},{"taxonomy":"post_tag","embeddable":true,"href":"https:\/\/247stiri.ro\/index.php\/wp-json\/wp\/v2\/tags?post=42923"}],"curies":[{"name":"wp","href":"https:\/\/api.w.org\/{rel}","templated":true}]}}