{"id":42938,"date":"2025-03-27T07:44:49","date_gmt":"2025-03-27T07:44:49","guid":{"rendered":"https:\/\/247stiri.ro\/index.php\/2025\/03\/27\/jurnalistii-austrieci-romania-exemplu-periculos-pentru-ue-germania-vrea-sa-legalizeze-metoda-georgescu\/"},"modified":"2025-03-27T07:44:49","modified_gmt":"2025-03-27T07:44:49","slug":"jurnalistii-austrieci-romania-exemplu-periculos-pentru-ue-germania-vrea-sa-legalizeze-metoda-georgescu","status":"publish","type":"post","link":"https:\/\/247stiri.ro\/index.php\/2025\/03\/27\/jurnalistii-austrieci-romania-exemplu-periculos-pentru-ue-germania-vrea-sa-legalizeze-metoda-georgescu\/","title":{"rendered":"Jurnali\u0219tii austrieci: Rom\u00e2nia, exemplu periculos pentru UE. Germania vrea s\u0103 legalizeze &#8222;metoda Georgescu&#8221;"},"content":{"rendered":"<p>Aceast\u0103 posibil\u0103 schimbare legislativ\u0103, spun autorii, ar fi similar\u0103 cu metoda folosit\u0103 \u00een Rom\u00e2nia pentru excluderea lui C\u0103lin Georgescu din cursa preziden\u021bial\u0103.\u00a0<\/p>\n<p>\u00cen baza Codului Penal german, orice persoan\u0103 condamnat\u0103 la peste un an de \u00eenchisoare \u0219i acuzat\u0103 de \u201eincitare\u201d ar putea pierde dreptul de a candida timp de cinci ani. Noua coali\u021bie ar vrea s\u0103 extind\u0103 aceast\u0103 prevedere pentru a include \u0219i \u201eterorismul, antisemitismul \u0219i discursul de ur\u0103\u201d.\u00a0<\/p>\n<p>Criticii spun c\u0103 astfel de m\u0103suri ar putea fi folosite pentru a elimina opozan\u021bii politici incomozi, a\u0219a cum s-a \u00eent\u00e2mplat deja \u00een cazul unor membri ai partidului suveranist german AfD.<\/p>\n<p>&#8222;Contul meu de TikTok a fost \u00eenchis. Sunt deputat ales democratic \u00een Bundestagul german, iar c\u00e2nd i-am \u00eentrebat pe cei de la TikTok ce s-a \u00eent\u00e2mplat, operatorul chinez ne-a informat c\u0103 s-a \u00eent\u00e2mplat din cauza presiunilor venite de la guvernul federal german&#8221;, spune Petr Bystron, membru AfD.\u00a0<\/p>\n<p>Presa austriac\u0103 nu este \u00eens\u0103 singurul critic extern al abuzurilor comise \u00een Rom\u00e2nia. \u00centr-un discurs sus\u021binut la Conferin\u021ba de Securitate de la M\u00fcnchen, vicepre\u0219edintele american JD Vance a denun\u021bat anularea candidaturii lui C\u0103lin Georgescu.<\/p>\n<p>&#8222;Am r\u0103mas \u0219ocat c\u00e2nd am v\u0103zut c\u0103 c\u0103 un fost comisar european a ap\u0103rut recent la televizor \u0219i p\u0103rea \u00eenc\u00e2ntat c\u0103 guvernul rom\u00e2n tocmai a anulat alegerile. A avertizat c\u0103, dac\u0103 lucrurile nu merg cum trebuie, acela\u0219i lucru s-ar putea \u00eent\u00e2mpla \u0219i \u00een Germania&#8221;, a spus J.D. Vance.<\/p>\n<p>\u00a0<\/p>","protected":false},"excerpt":{"rendered":"<p>Aceast\u0103 posibil\u0103 schimbare legislativ\u0103, spun autorii, ar fi similar\u0103 cu metoda folosit\u0103 \u00een Rom\u00e2nia pentru&hellip;<\/p>\n","protected":false},"author":0,"featured_media":42939,"comment_status":"open","ping_status":"open","sticky":false,"template":"","format":"standard","meta":{"footnotes":""},"categories":[4],"tags":[],"class_list":["post-42938","post","type-post","status-publish","format-standard","has-post-thumbnail","hentry","category-extern"],"_links":{"self":[{"href":"https:\/\/247stiri.ro\/index.php\/wp-json\/wp\/v2\/posts\/42938","targetHints":{"allow":["GET"]}}],"collection":[{"href":"https:\/\/247stiri.ro\/index.php\/wp-json\/wp\/v2\/posts"}],"about":[{"href":"https:\/\/247stiri.ro\/index.php\/wp-json\/wp\/v2\/types\/post"}],"replies":[{"embeddable":true,"href":"https:\/\/247stiri.ro\/index.php\/wp-json\/wp\/v2\/comments?post=42938"}],"version-history":[{"count":0,"href":"https:\/\/247stiri.ro\/index.php\/wp-json\/wp\/v2\/posts\/42938\/revisions"}],"wp:featuredmedia":[{"embeddable":true,"href":"https:\/\/247stiri.ro\/index.php\/wp-json\/wp\/v2\/media\/42939"}],"wp:attachment":[{"href":"https:\/\/247stiri.ro\/index.php\/wp-json\/wp\/v2\/media?parent=42938"}],"wp:term":[{"taxonomy":"category","embeddable":true,"href":"https:\/\/247stiri.ro\/index.php\/wp-json\/wp\/v2\/categories?post=42938"},{"taxonomy":"post_tag","embeddable":true,"href":"https:\/\/247stiri.ro\/index.php\/wp-json\/wp\/v2\/tags?post=42938"}],"curies":[{"name":"wp","href":"https:\/\/api.w.org\/{rel}","templated":true}]}}