{"id":42944,"date":"2025-03-27T07:44:51","date_gmt":"2025-03-27T07:44:51","guid":{"rendered":"https:\/\/247stiri.ro\/index.php\/2025\/03\/27\/suveranistii-europeni-s-au-reunit-in-romania-decizii-cruciale-simion-suntem-mai-aproape-ca-niciodata-ca-romania-sa-fie-libera-ca-romania-sa-fie-suverana\/"},"modified":"2025-03-27T07:44:51","modified_gmt":"2025-03-27T07:44:51","slug":"suveranistii-europeni-s-au-reunit-in-romania-decizii-cruciale-simion-suntem-mai-aproape-ca-niciodata-ca-romania-sa-fie-libera-ca-romania-sa-fie-suverana","status":"publish","type":"post","link":"https:\/\/247stiri.ro\/index.php\/2025\/03\/27\/suveranistii-europeni-s-au-reunit-in-romania-decizii-cruciale-simion-suntem-mai-aproape-ca-niciodata-ca-romania-sa-fie-libera-ca-romania-sa-fie-suverana\/","title":{"rendered":"Suverani\u0219tii europeni s-au reunit \u00een Rom\u00e2nia: decizii cruciale. Simion: Suntem mai aproape ca niciodat\u0103 ca Rom\u00e2nia s\u0103 fie liber\u0103, ca Rom\u00e2nia s\u0103 fie suveran\u0103"},"content":{"rendered":"<p>&#8222;Suntem mai aproape ca niciodat\u0103 ca Rom\u00e2nia s\u0103 fie liber\u0103, ca Rom\u00e2nia s\u0103 fie suveran\u0103. Sunt la Cluj ast\u0103zi. Sunt vicepre\u0219edinte al ECR. 45 de lideri conservatori din Uniunea European\u0103, din Marea Britanie \u0219i din SUA particip\u0103 p\u00e2n\u0103 s\u00e2mb\u0103t\u0103 la ECR Leadership Meeting, la acest summit&#8221;, spune George Simion.\u00a0<\/p>\n<p>&#8222;Punctul de plecare pentru noi to\u021bi este s\u0103 cre\u0103m acest dialog \u0219i s\u0103 sprijinim patrio\u021bii din Europa. ECR sus\u021bine aceast\u0103 direc\u021bie, iar domnul Simion reprezint\u0103 aceast\u0103 mi\u0219care \u00een Rom\u00e2nia, pentru poporul rom\u00e2n. Trebuie s\u0103 fim foarte solidari \u0219i s\u0103 sper\u0103m c\u0103 vom avea alegeri corecte \u0219i transparente de acum \u00eenainte, spune Randy Yaloz&#8221;, pre\u0219edintele Republicans Overseas \u00een Fran\u021ba.<\/p>\n<p>&#8222;Bine\u00een\u021beles c\u0103 trebuie asiatat\u0103 \u00een continuare Ucraina s\u0103 reziste militar pentru c\u0103 altfel ar fi un dezastru, dar \u00een acela\u0219i timp, \u00een aceea\u0219i m\u0103sur\u0103, trebuie urmat pre\u0219edintele Trump cu pa\u0219i repezi pentru demersurile pe care le face \u00een favoarea p\u0103cii&#8221;, spune analistul politic Dorin Iacob. \u00a0<\/p>","protected":false},"excerpt":{"rendered":"<p>&#8222;Suntem mai aproape ca niciodat\u0103 ca Rom\u00e2nia s\u0103 fie liber\u0103, ca Rom\u00e2nia s\u0103 fie suveran\u0103.&hellip;<\/p>\n","protected":false},"author":0,"featured_media":42945,"comment_status":"open","ping_status":"open","sticky":false,"template":"","format":"standard","meta":{"footnotes":""},"categories":[3],"tags":[],"class_list":["post-42944","post","type-post","status-publish","format-standard","has-post-thumbnail","hentry","category-politica"],"_links":{"self":[{"href":"https:\/\/247stiri.ro\/index.php\/wp-json\/wp\/v2\/posts\/42944","targetHints":{"allow":["GET"]}}],"collection":[{"href":"https:\/\/247stiri.ro\/index.php\/wp-json\/wp\/v2\/posts"}],"about":[{"href":"https:\/\/247stiri.ro\/index.php\/wp-json\/wp\/v2\/types\/post"}],"replies":[{"embeddable":true,"href":"https:\/\/247stiri.ro\/index.php\/wp-json\/wp\/v2\/comments?post=42944"}],"version-history":[{"count":0,"href":"https:\/\/247stiri.ro\/index.php\/wp-json\/wp\/v2\/posts\/42944\/revisions"}],"wp:featuredmedia":[{"embeddable":true,"href":"https:\/\/247stiri.ro\/index.php\/wp-json\/wp\/v2\/media\/42945"}],"wp:attachment":[{"href":"https:\/\/247stiri.ro\/index.php\/wp-json\/wp\/v2\/media?parent=42944"}],"wp:term":[{"taxonomy":"category","embeddable":true,"href":"https:\/\/247stiri.ro\/index.php\/wp-json\/wp\/v2\/categories?post=42944"},{"taxonomy":"post_tag","embeddable":true,"href":"https:\/\/247stiri.ro\/index.php\/wp-json\/wp\/v2\/tags?post=42944"}],"curies":[{"name":"wp","href":"https:\/\/api.w.org\/{rel}","templated":true}]}}