{"id":42946,"date":"2025-03-27T07:44:52","date_gmt":"2025-03-27T07:44:52","guid":{"rendered":"https:\/\/247stiri.ro\/index.php\/2025\/03\/27\/perlele-industriei-romanesti-falimentate-de-ciobanul-becali-imperiu-de-milioane-construit-pe-durerea-romanilor-video\/"},"modified":"2025-03-27T07:44:52","modified_gmt":"2025-03-27T07:44:52","slug":"perlele-industriei-romanesti-falimentate-de-ciobanul-becali-imperiu-de-milioane-construit-pe-durerea-romanilor-video","status":"publish","type":"post","link":"https:\/\/247stiri.ro\/index.php\/2025\/03\/27\/perlele-industriei-romanesti-falimentate-de-ciobanul-becali-imperiu-de-milioane-construit-pe-durerea-romanilor-video\/","title":{"rendered":"Perlele industriei rom\u00e2ne\u0219ti, falimentate de ciobanul Becali: imperiu de milioane construit pe durerea rom\u00e2nilor\u00a0&#8211; VIDEO"},"content":{"rendered":"<p>Clanul condus de Gigi Becali este acuzat de procurorii anticorup\u021bie de faptul c\u0103 a devalizat Avicola Ia\u0219i, unde prejudiciul se ridic\u0103 la peste 6.6 milioane de euro. Magistra\u021bii de la Curtea de Apel Ia\u0219i au dispus reluarea procesului prin care firma produc\u0103toare de carne de pas\u0103re a fost c\u0103pu\u0219at\u0103 de apropia\u021bii lui Becali.<\/p>\n\n<p>Lichidatorul judiciar al firmei cere instan\u021bei de judecat\u0103 s\u0103 recupereze suma uria\u0219\u0103 de bani pentru c\u0103 Becali \u0219i apropia\u021bii s\u0103i au folosit bunurile sau creditele Avicola Ia\u0219i \u00een interes personal, iar singurul scop a fost \u00eenchiderea acesteia. Mai mult, Becali este acuzat c\u0103 a \u021binut o contabilitate fictiv\u0103 \u0219i a f\u0103cut ca unele documente contabile s\u0103 dispar\u0103 \u00een dauna celorlal\u021bi creditori.<\/p>\n<p>Becali a intrat \u00een afacerea Avicola \u00een 2002, c\u00e2nd a fost privatizat\u0103. \u00cen 2008, latifundiarul a \u00eemprumutat firma cu 2.3 milioane de lei, unde mai multe clauze frauduloase au fost introduse. Cu trei s\u0103pt\u0103m\u00e2ni \u00eenainte de intrarea \u00een insolven\u021b\u0103 a Avicola Ia\u0219i, Becali a pus ipotec\u0103 pe Fermele 1, 2 \u0219i 3 care includeau terenul aferent al Avicola Ia\u0219i. Prin acest\u0103 schem\u0103, Becali nu a f\u0103cut dec\u00e2t s\u0103 se \u00eemprumute pe sine cu bani \u0219i ulterior s\u0103 cear\u0103 dob\u00e2nd\u0103 sau s\u0103 intre \u00een posesia bunurilor. Astfel, ciobanul-milionar s-a asigurat c\u0103 nu va pierde nimic din acest\u0103 afacere. Din 2015, Avicola Ia\u0219i este \u00een procedur\u0103 de faliment, iar datoriile se ridic\u0103 la peste 15 milioane de euro.<\/p>\n<p><a href=\"https:\/\/www.realitatea.net\/stiri\/actual\/caracatita-becalihrebenciucpontaghita-schema-pentru-putere_67e2b9659b962d6cfe71e123\" target=\"_blank\">Caracati\u021ba Becali-Hrebenciuc-Ponta-Ghi\u021b\u0103, schema pentru putere<\/a><\/p>\n<p>Familia Becali a dat mai multe turnuri imobiliare \u00een zona de Nord \u0219i de Sud a Capitalei. Latifundiarul a reu\u0219it \u00een 2007 s\u0103 intre \u00een posesia a sute de hectare, unde se aflau Serele Pope\u0219ti Leordeni. Serele au fost preluate de compania Leoser S.A. \u00een 2003 de la stat \u0219i din administrarea Agen\u021biei Domeniile Statului. Privatizarea a fost considerat\u0103 la acea data \u201efrauduloasa\u201d, deoarece nu s-a luat \u00een calcul faptul ca serele erau revendicate de fo\u0219tii proprietari.<\/p>\n<p>Terenul cump\u0103rat de familia Becali \u00een 2007 cu 40 de milioane valora la acea dat\u0103 peste 400 de milioane, dup\u0103 cum spunea afaceristul. Firma Leoser Bucure\u0219ti SA a intrat \u00een insolven\u021b\u0103 \u00een 2015, iar de atunci a \u00eenceput s\u0103 v\u00e2nd\u0103 p\u0103m\u00e2ntul c\u0103tre dezvoltatorii imobiliari din zona de Sud a Capitalei. Din patrimoniul Leoser fac parte \u0219i peste 50 de hectare din Serele Berceni, cele din zona Metalurgiei.<\/p>\n<p><a href=\"https:\/\/www.realitatea.net\/stiri\/actual\/sistemul-se-ascunde-de-privirile-lumii-teia-sponte-apropiatul-lui-gigi-becali-isi-pune-aghiotantii-sa-intimideze-echipa-realitatea-plus_67dfdbf71d720211b435cd82\" target=\"_blank\">Sistemul se ascunde de privirile lumii. Teia Sponte, apropiatul lui Gigi Becali, \u00ee\u0219i pune aghiotan\u021bii s\u0103 intimideze echipa Realitatea PLUS<\/a><\/p>\n<p>Gigi Becali a fost pe cale s\u0103 v\u00e2nd\u0103 Fabrica de armament de la Dr\u0103g\u0103\u0219ani. Patronul FCSB a oprit garan\u021bia primit\u0103 pentru fabrica care se afl\u0103 pe 40 de hectare cu bunc\u0103re, toate hale de f\u0103cut armament, proiectile \u0219i cartu\u0219e. Fabrica a fost \u00eenchis\u0103 \u0219i plasat\u0103 \u00een conservare de 20 de ani, chiar dac\u0103 Rom\u00e2nia cump\u0103r\u0103 armament din afara \u021b\u0103rii.<\/p>\n<p>O alt\u0103 firm\u0103 uria\u0219\u0103 din Rom\u00e2nia c\u0103pu\u0219at\u0103 de familia Becali este Arcom. Latifundiarul din Pipera a preluat compania de construc\u021bii \u00een 2007, iar de atunci se \u00eendreapt\u0103 spre faliment. C\u00e2nd a fost \u00eentrebat de jurnali\u0219tii Realitatea PLUS de aceste afaceri, Becali a f\u0103cut circ.<\/p>\n<p><a href=\"https:\/\/www.realitatea.net\/stiri\/actual\/becali-jigniri-suburbane-la-adresa-televiziunii-poporului-milionarulcioban-a-cerut-drept-la-replica-si-a-fugit-injurand-video_67dd49044d2a0f05e213c7b2?fbclid=IwY2xjawJR1r5leHRuA2FlbQIxMAABHassmm9Pm1J0-oKaVMbRKn2PjFIILNaA3qYZc7g1q5eebcgiOrcUN7-PHw_aem_hT02IQ7vzaGsdcy3FC1pZQ\" target=\"_blank\">Becali, jigniri suburbane la adresa Televiziunii Poporului. Milionarul-cioban a \u00eenjurat de 60 de ori \u00een 3 minute. Viorel Hrebenciuc nu a vrut s\u0103 comenteze dezv\u0103luirle de la Realitatea Plus- VIDEO<\/a><\/p>\n<p>\u00a0<\/p>","protected":false},"excerpt":{"rendered":"<p>Clanul condus de Gigi Becali este acuzat de procurorii anticorup\u021bie de faptul c\u0103 a devalizat&hellip;<\/p>\n","protected":false},"author":0,"featured_media":42947,"comment_status":"open","ping_status":"open","sticky":false,"template":"","format":"standard","meta":{"footnotes":""},"categories":[3],"tags":[],"class_list":["post-42946","post","type-post","status-publish","format-standard","has-post-thumbnail","hentry","category-politica"],"_links":{"self":[{"href":"https:\/\/247stiri.ro\/index.php\/wp-json\/wp\/v2\/posts\/42946","targetHints":{"allow":["GET"]}}],"collection":[{"href":"https:\/\/247stiri.ro\/index.php\/wp-json\/wp\/v2\/posts"}],"about":[{"href":"https:\/\/247stiri.ro\/index.php\/wp-json\/wp\/v2\/types\/post"}],"replies":[{"embeddable":true,"href":"https:\/\/247stiri.ro\/index.php\/wp-json\/wp\/v2\/comments?post=42946"}],"version-history":[{"count":0,"href":"https:\/\/247stiri.ro\/index.php\/wp-json\/wp\/v2\/posts\/42946\/revisions"}],"wp:featuredmedia":[{"embeddable":true,"href":"https:\/\/247stiri.ro\/index.php\/wp-json\/wp\/v2\/media\/42947"}],"wp:attachment":[{"href":"https:\/\/247stiri.ro\/index.php\/wp-json\/wp\/v2\/media?parent=42946"}],"wp:term":[{"taxonomy":"category","embeddable":true,"href":"https:\/\/247stiri.ro\/index.php\/wp-json\/wp\/v2\/categories?post=42946"},{"taxonomy":"post_tag","embeddable":true,"href":"https:\/\/247stiri.ro\/index.php\/wp-json\/wp\/v2\/tags?post=42946"}],"curies":[{"name":"wp","href":"https:\/\/api.w.org\/{rel}","templated":true}]}}