{"id":42952,"date":"2025-03-27T07:44:55","date_gmt":"2025-03-27T07:44:55","guid":{"rendered":"https:\/\/247stiri.ro\/index.php\/2025\/03\/27\/tragedie-in-mioveni-un-barbat-a-murit-dupa-ce-a-fost-lovit-in-plin-de-o-masina\/"},"modified":"2025-03-27T07:44:55","modified_gmt":"2025-03-27T07:44:55","slug":"tragedie-in-mioveni-un-barbat-a-murit-dupa-ce-a-fost-lovit-in-plin-de-o-masina","status":"publish","type":"post","link":"https:\/\/247stiri.ro\/index.php\/2025\/03\/27\/tragedie-in-mioveni-un-barbat-a-murit-dupa-ce-a-fost-lovit-in-plin-de-o-masina\/","title":{"rendered":"Tragedie \u00een Mioveni. Un b\u0103rbat a murit dup\u0103 ce a fost lovit \u00een plin de o ma\u0219in\u0103"},"content":{"rendered":"<p>Din primele informa\u021bii, b\u0103rbatul ar fi fost lovit de un <a href=\"https:\/\/www.realitatea.net\/stiri\/actual\/accident-grav-in-jud-arad-un-tir-si-o-autobasculanta-cu-nisip-sau-ciocnit-pe-dn-7-ambii-soferi-au-murit-circulatia-in-zona-oprita_67e4ed88a7e15773642cb4a4\" target=\"_blank\">autoturism,<\/a> la volanul c\u0103ruia se afla o t\u00e2n\u0103r\u0103 de 21 de ani, \u00een timp ce se deplasa pe partea carosabil\u0103.\u00a0<\/p>\n<p>&#8222;&#8221;Din verific\u0103rile preliminare (&#8230;) s-a stabilit c\u0103 o t\u00e2n\u0103r\u0103 de 21 de ani, din Mioveni, care conducea un autoturism pe DJ 741 &#8211; strada Coliba\u0219i, din direc\u021bia Mioveni spre F\u0103get, la intersec\u021bia cu strada Condile\u0219tilor, \u00een \u00eemprejur\u0103ri care urmeaz\u0103 s\u0103 fie stabilite prin cercet\u0103ri, posibil pe fondul deplas\u0103rii pe partea carosabil\u0103 a pietonului, a lovit cu partea st\u00e2nga fa\u021b\u0103 a autoturismului un b\u0103rbat de 50 de ani, din Mioveni&#8221;&#8221;, a transmis IPJ Arge\u0219.<\/p>\n<p>Potrivit reprezentan\u021bilor institu\u021biei, \u00een urma leziunilor suferite b\u0103rbatul a decedat.\u00a0<\/p>\n<p>Poli\u021bi\u0219tii de la Brigada Rutier\u0103 au testat-o pe \u0219oferi\u021b\u0103 cu aparatul etilotest, rezultatul fiind negativ.\u00a0<\/p>\n<p>\u00cen acest caz, a fost \u00eentocmit un dosar penal pentru ucidere din culp\u0103, cercet\u0103rile fiind continuate pentru stabilirea tuturor \u00eemprejur\u0103rilor \u00een care a avut loc evenimentul rutier.<\/p>","protected":false},"excerpt":{"rendered":"<p>Din primele informa\u021bii, b\u0103rbatul ar fi fost lovit de un autoturism, la volanul c\u0103ruia se&hellip;<\/p>\n","protected":false},"author":0,"featured_media":42953,"comment_status":"open","ping_status":"open","sticky":false,"template":"","format":"standard","meta":{"footnotes":""},"categories":[2],"tags":[],"class_list":["post-42952","post","type-post","status-publish","format-standard","has-post-thumbnail","hentry","category-actual"],"_links":{"self":[{"href":"https:\/\/247stiri.ro\/index.php\/wp-json\/wp\/v2\/posts\/42952","targetHints":{"allow":["GET"]}}],"collection":[{"href":"https:\/\/247stiri.ro\/index.php\/wp-json\/wp\/v2\/posts"}],"about":[{"href":"https:\/\/247stiri.ro\/index.php\/wp-json\/wp\/v2\/types\/post"}],"replies":[{"embeddable":true,"href":"https:\/\/247stiri.ro\/index.php\/wp-json\/wp\/v2\/comments?post=42952"}],"version-history":[{"count":0,"href":"https:\/\/247stiri.ro\/index.php\/wp-json\/wp\/v2\/posts\/42952\/revisions"}],"wp:featuredmedia":[{"embeddable":true,"href":"https:\/\/247stiri.ro\/index.php\/wp-json\/wp\/v2\/media\/42953"}],"wp:attachment":[{"href":"https:\/\/247stiri.ro\/index.php\/wp-json\/wp\/v2\/media?parent=42952"}],"wp:term":[{"taxonomy":"category","embeddable":true,"href":"https:\/\/247stiri.ro\/index.php\/wp-json\/wp\/v2\/categories?post=42952"},{"taxonomy":"post_tag","embeddable":true,"href":"https:\/\/247stiri.ro\/index.php\/wp-json\/wp\/v2\/tags?post=42952"}],"curies":[{"name":"wp","href":"https:\/\/api.w.org\/{rel}","templated":true}]}}