{"id":42955,"date":"2025-03-27T07:44:56","date_gmt":"2025-03-27T07:44:56","guid":{"rendered":"https:\/\/247stiri.ro\/index.php\/2025\/03\/27\/trump-ameninta-din-nou-tarife-si-mai-mari-canadei-si-ue-daca-acestea-provoaca-sua-prejudicii-economice\/"},"modified":"2025-03-27T07:44:56","modified_gmt":"2025-03-27T07:44:56","slug":"trump-ameninta-din-nou-tarife-si-mai-mari-canadei-si-ue-daca-acestea-provoaca-sua-prejudicii-economice","status":"publish","type":"post","link":"https:\/\/247stiri.ro\/index.php\/2025\/03\/27\/trump-ameninta-din-nou-tarife-si-mai-mari-canadei-si-ue-daca-acestea-provoaca-sua-prejudicii-economice\/","title":{"rendered":"Trump amenin\u0163\u0103 din nou: tarife \u015fi mai mari Canadei \u015fi UE dac\u0103 acestea provoac\u0103 SUA \u201eprejudicii economice\u201d"},"content":{"rendered":"<p>\u201eDac\u0103 Uniunea European\u0103 colaboreaz\u0103 cu Canada pentru a face r\u0103u economic SUA, tarife la scar\u0103 larg\u0103, mult mai mari dec\u00e2t cele planificate \u00een prezent, vor fi aplicate ambelor pentru a proteja cel mai bun prieten pe care fiecare dintre aceste dou\u0103 \u0163\u0103ri l-a avut vreodat\u0103\u201d, a spus Donald Trumo \u00eentr-o postare pe Truth Social.<\/p>\n<p>Miercuri, Trump a anun\u0163at taxe vamale de 25% pentru vehiculele importate, extinz\u00e2nd un r\u0103zboi comercial global \u015fi provoc\u00e2nd critici \u015fi amenin\u0163\u0103ri cu represalii din partea alia\u0163ilor afecta\u0163i de aceast\u0103 decizie.<\/p>\n<p>Pre\u015fedinta Comisiei Europene, Ursula von der Leyen, a descris m\u0103sura ca fiind \u201erea pentru companii, dar \u015fi mai rea pentru consumatori\u201d, \u00een timp ce prim-ministrul canadian Mark Carney a catalogat tarifele drept un \u201eatac direct\u201d asupra angaja\u0163ilor canadieni \u015fi a declarat c\u0103 sunt luate \u00een considerare m\u0103suri de retorsiune.<\/p>","protected":false},"excerpt":{"rendered":"<p>\u201eDac\u0103 Uniunea European\u0103 colaboreaz\u0103 cu Canada pentru a face r\u0103u economic SUA, tarife la scar\u0103&hellip;<\/p>\n","protected":false},"author":0,"featured_media":42937,"comment_status":"open","ping_status":"open","sticky":false,"template":"","format":"standard","meta":{"footnotes":""},"categories":[2],"tags":[],"class_list":["post-42955","post","type-post","status-publish","format-standard","has-post-thumbnail","hentry","category-actual"],"_links":{"self":[{"href":"https:\/\/247stiri.ro\/index.php\/wp-json\/wp\/v2\/posts\/42955","targetHints":{"allow":["GET"]}}],"collection":[{"href":"https:\/\/247stiri.ro\/index.php\/wp-json\/wp\/v2\/posts"}],"about":[{"href":"https:\/\/247stiri.ro\/index.php\/wp-json\/wp\/v2\/types\/post"}],"replies":[{"embeddable":true,"href":"https:\/\/247stiri.ro\/index.php\/wp-json\/wp\/v2\/comments?post=42955"}],"version-history":[{"count":0,"href":"https:\/\/247stiri.ro\/index.php\/wp-json\/wp\/v2\/posts\/42955\/revisions"}],"wp:featuredmedia":[{"embeddable":true,"href":"https:\/\/247stiri.ro\/index.php\/wp-json\/wp\/v2\/media\/42937"}],"wp:attachment":[{"href":"https:\/\/247stiri.ro\/index.php\/wp-json\/wp\/v2\/media?parent=42955"}],"wp:term":[{"taxonomy":"category","embeddable":true,"href":"https:\/\/247stiri.ro\/index.php\/wp-json\/wp\/v2\/categories?post=42955"},{"taxonomy":"post_tag","embeddable":true,"href":"https:\/\/247stiri.ro\/index.php\/wp-json\/wp\/v2\/tags?post=42955"}],"curies":[{"name":"wp","href":"https:\/\/api.w.org\/{rel}","templated":true}]}}