{"id":42967,"date":"2025-03-27T08:44:49","date_gmt":"2025-03-27T08:44:49","guid":{"rendered":"https:\/\/247stiri.ro\/index.php\/2025\/03\/27\/alerta-anm-de-vreme-rea-in-romania-cod-portocaliu-si-galben-de-precipitatii-abundente-vant-puternic-si-ninsori-care-sunt-zonele-vizate\/"},"modified":"2025-03-27T08:44:49","modified_gmt":"2025-03-27T08:44:49","slug":"alerta-anm-de-vreme-rea-in-romania-cod-portocaliu-si-galben-de-precipitatii-abundente-vant-puternic-si-ninsori-care-sunt-zonele-vizate","status":"publish","type":"post","link":"https:\/\/247stiri.ro\/index.php\/2025\/03\/27\/alerta-anm-de-vreme-rea-in-romania-cod-portocaliu-si-galben-de-precipitatii-abundente-vant-puternic-si-ninsori-care-sunt-zonele-vizate\/","title":{"rendered":"ALERT\u0102 ANM de vreme rea \u00een Rom\u00e2nia! Cod Portocaliu \u0219i Galben de precipita\u021bii abundente, v\u00e2nt puternic \u0219i ninsori. Care sunt zonele vizate"},"content":{"rendered":"<p>Meteorologii anun\u021b\u0103 c\u0103 \u00eencep\u00e2nd de miercuri, 27 martie, ora 10:00, \u0219i p\u00e2n\u0103 vineri, 29 martie, ora 23:00, se vor \u00eenregistra ploi \u00een toate regiunile \u021b\u0103rii, cu cantit\u0103\u021bi de ap\u0103 ce vor ajunge la 15-25 l\/mp, iar pe arii restr\u00e2nse, \u00een special \u00een zonele de deal \u0219i de munte, se pot dep\u0103\u0219i 50-80 l\/mp.\u00a0 V\u00e2ntul se va intensifica temporar \u00een jum\u0103tatea de sud a \u021b\u0103rii, precum \u0219i \u00een vest, nord-vest \u0219i centru, cu rafale de 40-60 km\/h. La munte, v\u00e2ntul va sufla \u0219i mai tare, cu viteze de 60-80 km\/h, iar la altitudini mari vor fi precipita\u021bii mixte.<\/p>\n<p>De asemenea, \u00een intervalul 27 martie, ora 10:00 \u2013 28 martie, ora 10:00, sudul Banatului, vestul \u0219i nordul Olteniei \u0219i vestul Carpa\u021bilor Meridionali vor fi cele mai afectate zone, deoarece cantit\u0103\u021bile de ap\u0103 vor ajunge la 25-30 l\/mp.<\/p>\n\n<p>\u00cencep\u00e2nd de vineri, 28 martie, ora 10:00, \u0219i p\u00e2n\u0103 s\u00e2mb\u0103t\u0103 pe 29 martie, ora 12:00, ploile vor deveni mai intense \u00een sudul Banatului \u0219i Olteniei, vestul \u0219i nordul Munteniei, sud-vestul Moldovei \u0219i sud-vestul Transilvaniei, precum \u0219i \u00een Carpa\u021bii Occidentali \u0219i sudul Carpa\u021bilor Orientali, cu acumul\u0103ri de 25-40 l\/mp \u0219i izolat peste 50 l\/mp.<\/p>\n<p>Cod Portocaliu: Ploi \u00eensemnate cantitativ \u0219i strat consistent de z\u0103pad\u0103 la munte<\/p>\n<p>\u00cen intervalul 28 martie, ora 10:00 &#8211; 29 martie, ora 12:00 va fi valabil un Cod Portocaliu de vreme rea. Jude\u021bele Mehedin\u021bi, Gorj \u0219i V\u00e2lcea, precum \u0219i zona montan\u0103 a jude\u021belor Cara\u0219-Severin, Hunedoara, Alba, Sibiu, Bra\u0219ov, Arge\u0219, D\u00e2mbovi\u021ba \u0219i Prahova se vor confrunta cu precipita\u021bii abundente. Cantit\u0103\u021bile de ap\u0103 vor ajunge la 50-70 l\/mp, iar \u00een nordul Olteniei se pot acumula peste 80-100 l\/mp. La altitudini de peste 2000 m, precipita\u021biile vor fi predominant sub form\u0103 de ninsoare, iar stratul de z\u0103pad\u0103 va fi consistent.<\/p>\n\n<p>\u00cen intervalul 28 martie, ora 03:00 \u2013 29 martie, ora 06:00, sudul Banatului, Oltenia, Muntenia \u0219i Dobrogea vor avea parte de intensific\u0103ri ale v\u00e2ntului, cu rafale de 50-70 km\/h. La peste 2000 m \u00een vestul Carpa\u021bilor Meridionali, v\u00e2ntul va sufla cu 75-90 km\/h \u0219i va provoca viscol.<\/p>","protected":false},"excerpt":{"rendered":"<p>Meteorologii anun\u021b\u0103 c\u0103 \u00eencep\u00e2nd de miercuri, 27 martie, ora 10:00, \u0219i p\u00e2n\u0103 vineri, 29 martie,&hellip;<\/p>\n","protected":false},"author":0,"featured_media":42968,"comment_status":"open","ping_status":"open","sticky":false,"template":"","format":"standard","meta":{"footnotes":""},"categories":[2],"tags":[],"class_list":["post-42967","post","type-post","status-publish","format-standard","has-post-thumbnail","hentry","category-actual"],"_links":{"self":[{"href":"https:\/\/247stiri.ro\/index.php\/wp-json\/wp\/v2\/posts\/42967","targetHints":{"allow":["GET"]}}],"collection":[{"href":"https:\/\/247stiri.ro\/index.php\/wp-json\/wp\/v2\/posts"}],"about":[{"href":"https:\/\/247stiri.ro\/index.php\/wp-json\/wp\/v2\/types\/post"}],"replies":[{"embeddable":true,"href":"https:\/\/247stiri.ro\/index.php\/wp-json\/wp\/v2\/comments?post=42967"}],"version-history":[{"count":0,"href":"https:\/\/247stiri.ro\/index.php\/wp-json\/wp\/v2\/posts\/42967\/revisions"}],"wp:featuredmedia":[{"embeddable":true,"href":"https:\/\/247stiri.ro\/index.php\/wp-json\/wp\/v2\/media\/42968"}],"wp:attachment":[{"href":"https:\/\/247stiri.ro\/index.php\/wp-json\/wp\/v2\/media?parent=42967"}],"wp:term":[{"taxonomy":"category","embeddable":true,"href":"https:\/\/247stiri.ro\/index.php\/wp-json\/wp\/v2\/categories?post=42967"},{"taxonomy":"post_tag","embeddable":true,"href":"https:\/\/247stiri.ro\/index.php\/wp-json\/wp\/v2\/tags?post=42967"}],"curies":[{"name":"wp","href":"https:\/\/api.w.org\/{rel}","templated":true}]}}