{"id":42975,"date":"2025-03-27T08:44:52","date_gmt":"2025-03-27T08:44:52","guid":{"rendered":"https:\/\/247stiri.ro\/index.php\/2025\/03\/27\/accident-grav-in-judetul-suceava-doua-persoane-au-fost-ranite-in-urma-impactului-dintre-o-autoutilitara-si-un-tir\/"},"modified":"2025-03-27T08:44:52","modified_gmt":"2025-03-27T08:44:52","slug":"accident-grav-in-judetul-suceava-doua-persoane-au-fost-ranite-in-urma-impactului-dintre-o-autoutilitara-si-un-tir","status":"publish","type":"post","link":"https:\/\/247stiri.ro\/index.php\/2025\/03\/27\/accident-grav-in-judetul-suceava-doua-persoane-au-fost-ranite-in-urma-impactului-dintre-o-autoutilitara-si-un-tir\/","title":{"rendered":"Accident grav \u00een jude\u021bul Suceava. Dou\u0103 persoane au fost r\u0103nite \u00een urma impactului dintre o autoutilitar\u0103 \u0219i un TIR"},"content":{"rendered":"<p>La fa\u021ba locului au intervenit pompierii militari, cu o autospecial\u0103 cu accesorii pentru descarcerare, o ambulan\u021b\u0103 SMURD B2 \u0219i echipajul SMURD TIM (Terapie Intensiv\u0103 Mobil\u0103), cu sprijinul unui echipaj al Serviciului de Ambulan\u021b\u0103 Jude\u021bean Suceava.\u00a0<\/p>\n<p>Inspectoratul pentru Situa\u021bii de Urgen\u021b\u0103 Suceava a transmis c\u0103 dou\u0103 persoane, aflate \u00een autoutilitar\u0103, au r\u0103mas \u00eencarcerate. Ambele erau con\u0219tiente \u0219i cooperante, iar militarii au intervenit pentru extragerea lor dintre fiarele contorsionate.\u00a0<\/p>\n<p>Ulterior, acestea au fost preluate de medici, stabilizate \u0219i transportate de urgen\u021b\u0103 la Unitatea de Primiri Urgen\u021be Suceava, pentru investiga\u021bii suplimentare \u0219i tratament de specialitate.\u00a0<\/p>\n<p>Centrul Infotrafic al Poli\u021biei Rom\u00e2ne a informat c\u0103 accidentul s-a produs pe DN 17 Gura Humorului &#8211; C\u00e2mpulung Moldovenesc, \u00een zona localit\u0103\u021bii Vama, \u00eentre un <a href=\"https:\/\/www.realitatea.net\/stiri\/actual\/accident-grav-in-jud-arad-un-tir-si-o-autobasculanta-cu-nisip-sau-ciocnit-pe-dn-7-ambii-soferi-au-murit-circulatia-in-zona-oprita_67e4ed88a7e15773642cb4a4\" target=\"_blank\">autotren <\/a>\u00eenc\u0103rcat cu cereale \u0219i un microbuz de transport marf\u0103, \u00een urma c\u0103ruia dou\u0103 persoane din microbuz au suferit leziuni.<\/p>\n<p>Reprezentan\u021bii Poli\u021biei Rom\u00e2ne au precizat c\u0103 traficul rutier a fost oprit pe ambele sensuri.<\/p>","protected":false},"excerpt":{"rendered":"<p>La fa\u021ba locului au intervenit pompierii militari, cu o autospecial\u0103 cu accesorii pentru descarcerare, o&hellip;<\/p>\n","protected":false},"author":0,"featured_media":42976,"comment_status":"open","ping_status":"open","sticky":false,"template":"","format":"standard","meta":{"footnotes":""},"categories":[2],"tags":[],"class_list":["post-42975","post","type-post","status-publish","format-standard","has-post-thumbnail","hentry","category-actual"],"_links":{"self":[{"href":"https:\/\/247stiri.ro\/index.php\/wp-json\/wp\/v2\/posts\/42975","targetHints":{"allow":["GET"]}}],"collection":[{"href":"https:\/\/247stiri.ro\/index.php\/wp-json\/wp\/v2\/posts"}],"about":[{"href":"https:\/\/247stiri.ro\/index.php\/wp-json\/wp\/v2\/types\/post"}],"replies":[{"embeddable":true,"href":"https:\/\/247stiri.ro\/index.php\/wp-json\/wp\/v2\/comments?post=42975"}],"version-history":[{"count":0,"href":"https:\/\/247stiri.ro\/index.php\/wp-json\/wp\/v2\/posts\/42975\/revisions"}],"wp:featuredmedia":[{"embeddable":true,"href":"https:\/\/247stiri.ro\/index.php\/wp-json\/wp\/v2\/media\/42976"}],"wp:attachment":[{"href":"https:\/\/247stiri.ro\/index.php\/wp-json\/wp\/v2\/media?parent=42975"}],"wp:term":[{"taxonomy":"category","embeddable":true,"href":"https:\/\/247stiri.ro\/index.php\/wp-json\/wp\/v2\/categories?post=42975"},{"taxonomy":"post_tag","embeddable":true,"href":"https:\/\/247stiri.ro\/index.php\/wp-json\/wp\/v2\/tags?post=42975"}],"curies":[{"name":"wp","href":"https:\/\/api.w.org\/{rel}","templated":true}]}}