{"id":42977,"date":"2025-03-27T08:44:52","date_gmt":"2025-03-27T08:44:52","guid":{"rendered":"https:\/\/247stiri.ro\/index.php\/2025\/03\/27\/ministerul-educatiei-investeste-peste-15-milioane-de-lei-pentru-unui-program-de-reducere-a-violentei-si-infractiunilor-in-scoli\/"},"modified":"2025-03-27T08:44:52","modified_gmt":"2025-03-27T08:44:52","slug":"ministerul-educatiei-investeste-peste-15-milioane-de-lei-pentru-unui-program-de-reducere-a-violentei-si-infractiunilor-in-scoli","status":"publish","type":"post","link":"https:\/\/247stiri.ro\/index.php\/2025\/03\/27\/ministerul-educatiei-investeste-peste-15-milioane-de-lei-pentru-unui-program-de-reducere-a-violentei-si-infractiunilor-in-scoli\/","title":{"rendered":"Ministerul Educa\u021biei investe\u0219te peste 1,5 milioane de lei pentru unui program de reducere a violen\u0163ei \u015fi infrac\u0163iunilor \u00een \u015fcoli"},"content":{"rendered":"<p>\u201eNu putem stimula \u00eenv\u0103\u0163area \u015fi dezvoltarea \u00een \u015fcoli nesigure, \u00eentre acte de violen\u0163\u0103 fizic\u0103 sau psihic\u0103. \u00cen contextul preocup\u0103rii constante pentru reducerea violen\u0163ei \u00een mediul \u015fcolar, avem nevoie ca normele pentru reducerea acestui fenomen &#8211; care sunt clar prev\u0103zute \u00een lege, metodologii \u015fi regulamente &#8211; s\u0103 nu r\u0103m\u00e2n\u0103 forme f\u0103r\u0103 fond \u015fi, totodat\u0103, reiau \u00eendemnul meu ca to\u0163i membrii comunit\u0103\u0163ii \u015fcolare s\u0103 se familiarizeze cu ele \u015fi s\u0103 le aplice, pentru binele copiilor no\u015ftri \u015fi al personalului din \u015fcoli. Violen\u0163a nu poate interfera cu actual educa\u0163ional!\u201d, afirm\u0103 ministrul Educa\u0163iei \u015fi Cercet\u0103rii, Daniel David.<\/p>\n<p>Potrivit Ministerului Educa\u0163iei \u015fi Cercet\u0103rii, ministrul Daniel David a semnat ordinul prin care sunt alocate inspectoratelor \u015fcolare fonduri (1.550.000 de lei) pentru activit\u0103\u0163i \u00een cadrul programului \u201e\u00cempreun\u0103 prindem curaj\u201d, program ce are drept scop prevenirea \u015fi reducerea violen\u0163ei \u015fi a infrac\u0163iunilor \u00een mediul \u015fcolar.\u00cen opinia ministrului, \u015fcoala trebuie s\u0103 fie \u201eun mediu sigur\u201d.\u201e\u00cencurajez \u015fcolile s\u0103 se \u00eenscrie \u00een acest program \u015fi s\u0103 organizeze activit\u0103\u0163i de prevenire a violen\u0163ei \u00een mediul \u015fcolar, mai ales c\u0103 exist\u0103 \u015fi oportunitatea acestui sprijin financiar, pe care m\u0103 bucur c\u0103 putem continua s\u0103-l oferim, \u00een condi\u0163ii de criz\u0103 economico-financiar\u0103\u201d, a afirmat conf. prof, universitar Daniel David.Ministrul Educa\u0163iei \u00eei \u00eencurajeaz\u0103 pe to\u0163i s\u0103 nu tolereze \u201ecomportamente inacceptabile\u201d \u015fi s\u0103 le semnaleze ori de c\u00e2te ori sunt victime sau martori.\u201dReiau mesajul meu, \u00abZero toleran\u0163\u0103 pentru orice form\u0103 de violen\u0163\u0103 \u00een mediul \u015fcolar!\u00bb \u015fi angajamentul de a identifica \u015fi a implementa mecanisme pentru prevenirea comportamentelor de netolerat. Aceste comportamente sunt de netolerat nu doar \u00een mediul \u015fcolar, ci la nivel social, \u00een general\u201d, mai afirm\u0103 Daniel David.<\/p>","protected":false},"excerpt":{"rendered":"<p>\u201eNu putem stimula \u00eenv\u0103\u0163area \u015fi dezvoltarea \u00een \u015fcoli nesigure, \u00eentre acte de violen\u0163\u0103 fizic\u0103 sau&hellip;<\/p>\n","protected":false},"author":0,"featured_media":42978,"comment_status":"open","ping_status":"open","sticky":false,"template":"","format":"standard","meta":{"footnotes":""},"categories":[2],"tags":[],"class_list":["post-42977","post","type-post","status-publish","format-standard","has-post-thumbnail","hentry","category-actual"],"_links":{"self":[{"href":"https:\/\/247stiri.ro\/index.php\/wp-json\/wp\/v2\/posts\/42977","targetHints":{"allow":["GET"]}}],"collection":[{"href":"https:\/\/247stiri.ro\/index.php\/wp-json\/wp\/v2\/posts"}],"about":[{"href":"https:\/\/247stiri.ro\/index.php\/wp-json\/wp\/v2\/types\/post"}],"replies":[{"embeddable":true,"href":"https:\/\/247stiri.ro\/index.php\/wp-json\/wp\/v2\/comments?post=42977"}],"version-history":[{"count":0,"href":"https:\/\/247stiri.ro\/index.php\/wp-json\/wp\/v2\/posts\/42977\/revisions"}],"wp:featuredmedia":[{"embeddable":true,"href":"https:\/\/247stiri.ro\/index.php\/wp-json\/wp\/v2\/media\/42978"}],"wp:attachment":[{"href":"https:\/\/247stiri.ro\/index.php\/wp-json\/wp\/v2\/media?parent=42977"}],"wp:term":[{"taxonomy":"category","embeddable":true,"href":"https:\/\/247stiri.ro\/index.php\/wp-json\/wp\/v2\/categories?post=42977"},{"taxonomy":"post_tag","embeddable":true,"href":"https:\/\/247stiri.ro\/index.php\/wp-json\/wp\/v2\/tags?post=42977"}],"curies":[{"name":"wp","href":"https:\/\/api.w.org\/{rel}","templated":true}]}}