{"id":42997,"date":"2025-03-27T09:44:56","date_gmt":"2025-03-27T09:44:56","guid":{"rendered":"https:\/\/247stiri.ro\/index.php\/2025\/03\/27\/pierderea-unui-simt-in-stransa-legatura-cu-aparitia-dementei-acest-lucru-se-intampla-cu-12-ani-inainte-de-aparitia-bolii\/"},"modified":"2025-03-27T09:44:56","modified_gmt":"2025-03-27T09:44:56","slug":"pierderea-unui-simt-in-stransa-legatura-cu-aparitia-dementei-acest-lucru-se-intampla-cu-12-ani-inainte-de-aparitia-bolii","status":"publish","type":"post","link":"https:\/\/247stiri.ro\/index.php\/2025\/03\/27\/pierderea-unui-simt-in-stransa-legatura-cu-aparitia-dementei-acest-lucru-se-intampla-cu-12-ani-inainte-de-aparitia-bolii\/","title":{"rendered":"Pierderea unui sim\u021b, \u00een str\u00e2ns\u0103 leg\u0103tur\u0103 cu apari\u021bia demen\u021bei. Acest lucru se \u00eent\u00e2mpl\u0103 cu 12 ani \u00eenainte de apari\u021bia bolii"},"content":{"rendered":"<p>Unul dintre semnele esen\u021biale ale demen\u021bei este uitarea, \u00eens\u0103 simptomele pot ap\u0103rea cu mai mult de un deceniu \u00eenainte de un diagnostic clar. Este vorba de sc\u0103derea vederii, avertizeaz\u0103 cercet\u0103torii.<\/p>\n<p>Cercet\u0103torii au descoperit o leg\u0103tur\u0103 nea\u0219teptat\u0103 \u00eentre demen\u021b\u0103 \u0219i unul dintre cele cinci sim\u021buri. Potrivit studiului publicat \u00een Scientific Reports, combinarea testelor de vedere cu testele cognitive este mai eficient\u0103 \u00een prezicerea riscului unei persoane de demen\u021b\u0103 viitoare., scrie <a href=\"https:\/\/adevarul.ro\/stiri-interne\/sanatate\/pierderea-unui-simt-poate-prezice-dementa-cu-12-2431805.html\" target=\"_blank\">adev\u0103rul.ro<\/a><\/p>\n<p>Din 2004 p\u00e2n\u0103 \u00een 2011, autorii studiului au urm\u0103rit modific\u0103rile vederii a 8.623 de persoane s\u0103n\u0103toase cu v\u00e2rste cuprinse \u00eentre 48 \u0219i 92 de ani care locuiau \u00een Anglia.<\/p>\n<p>Cercetarea a \u00eenceput cu efectuarea de c\u0103tre fiecare a unui test de sensibilitate vizual\u0103, \u00een timpul c\u0103ruia au ap\u0103sat un buton atunci c\u00e2nd pe ecran ap\u0103rea un triunghi \u00eentr-un c\u00e2mp de puncte \u00een mi\u0219care. Ulterior, cercet\u0103torii efectuau \u00een mod regulat controale care le testau vederea, cogni\u021bia \u0219i s\u0103n\u0103tatea fizic\u0103 general\u0103. Din cele 8.623 de persoane, 537 au fost diagnosticate ulterior cu demen\u021b\u0103, scrie\u00a0Parade.<\/p>\n<p>Rezultatele testelor de sensibilitate vizual\u0103 ale acestor persoane au ar\u0103tat un model interesant: la testele de vedere, aceste persoane au avut nevoie de mai mult timp pentru a vedea triunghiul de pe ecran \u00een compara\u021bie cu persoanele care nu au dezvoltat niciodat\u0103 demen\u021b\u0103.<\/p>\n<p>Testele au ar\u0103tat o \u00eencetinire a vitezei de procesare vizual\u0103 cu 12 ani \u00eenainte de apari\u021bia\u00a0simptomelor tipice ale demen\u021bei. Aceste persoane au avut nevoie de mai mult timp pentru a observa obiectele. \u00cen plus, persoanele care au dezvoltat ulterior demen\u021b\u0103 au prezentat \u00een mod constant scoruri cognitive mai sc\u0103zute dec\u00e2t cele care nu au prezentat demen\u021b\u0103.<\/p>\n<p>Leg\u0103tura dintre vedere \u0219i demen\u021b\u0103<\/p>\n<p>Sensibilitatea vizual\u0103 sc\u0103zut\u0103 nu este singura schimbare observat\u0103 la persoanele cu demen\u021b\u0103. Persoanele aflate \u00een stadiile incipiente ale bolii Alzheimer prezint\u0103 adesea probleme legate de mi\u0219carea ochilor. Aceste persoane aveau mai multe \u0219anse s\u0103 ignore mai greu obiectele care le distrag aten\u021bia, ceea ce poate fi detectat prin teste de urm\u0103rire ocular\u0103.<\/p>","protected":false},"excerpt":{"rendered":"<p>Unul dintre semnele esen\u021biale ale demen\u021bei este uitarea, \u00eens\u0103 simptomele pot ap\u0103rea cu mai mult&hellip;<\/p>\n","protected":false},"author":0,"featured_media":42982,"comment_status":"open","ping_status":"open","sticky":false,"template":"","format":"standard","meta":{"footnotes":""},"categories":[2],"tags":[],"class_list":["post-42997","post","type-post","status-publish","format-standard","has-post-thumbnail","hentry","category-actual"],"_links":{"self":[{"href":"https:\/\/247stiri.ro\/index.php\/wp-json\/wp\/v2\/posts\/42997","targetHints":{"allow":["GET"]}}],"collection":[{"href":"https:\/\/247stiri.ro\/index.php\/wp-json\/wp\/v2\/posts"}],"about":[{"href":"https:\/\/247stiri.ro\/index.php\/wp-json\/wp\/v2\/types\/post"}],"replies":[{"embeddable":true,"href":"https:\/\/247stiri.ro\/index.php\/wp-json\/wp\/v2\/comments?post=42997"}],"version-history":[{"count":0,"href":"https:\/\/247stiri.ro\/index.php\/wp-json\/wp\/v2\/posts\/42997\/revisions"}],"wp:featuredmedia":[{"embeddable":true,"href":"https:\/\/247stiri.ro\/index.php\/wp-json\/wp\/v2\/media\/42982"}],"wp:attachment":[{"href":"https:\/\/247stiri.ro\/index.php\/wp-json\/wp\/v2\/media?parent=42997"}],"wp:term":[{"taxonomy":"category","embeddable":true,"href":"https:\/\/247stiri.ro\/index.php\/wp-json\/wp\/v2\/categories?post=42997"},{"taxonomy":"post_tag","embeddable":true,"href":"https:\/\/247stiri.ro\/index.php\/wp-json\/wp\/v2\/tags?post=42997"}],"curies":[{"name":"wp","href":"https:\/\/api.w.org\/{rel}","templated":true}]}}