{"id":42998,"date":"2025-03-27T09:44:56","date_gmt":"2025-03-27T09:44:56","guid":{"rendered":"https:\/\/247stiri.ro\/index.php\/2025\/03\/27\/momenul-in-care-lunetistul-zarit-pe-terasa-unui-bloc-din-bucuresti-este-inconjurat-de-fortele-speciale-s-a-intervenit-ca-un-act-terorist-video\/"},"modified":"2025-03-27T09:44:56","modified_gmt":"2025-03-27T09:44:56","slug":"momenul-in-care-lunetistul-zarit-pe-terasa-unui-bloc-din-bucuresti-este-inconjurat-de-fortele-speciale-s-a-intervenit-ca-un-act-terorist-video","status":"publish","type":"post","link":"https:\/\/247stiri.ro\/index.php\/2025\/03\/27\/momenul-in-care-lunetistul-zarit-pe-terasa-unui-bloc-din-bucuresti-este-inconjurat-de-fortele-speciale-s-a-intervenit-ca-un-act-terorist-video\/","title":{"rendered":"Momenul \u00een care lunetistul z\u0103rit pe terasa unui bloc din Bucure\u0219ti este \u00eenconjurat de for\u021bele speciale. S-a intervenit ca un act terorist &#8211; VIDEO"},"content":{"rendered":"<p>\u201ePoli\u021bia Capitalei \u2013 Sec\u021bia 3, a fost sesizat\u0103 despre faptul c\u0103 pe terasa unui bloc din Sectorul 1, s-ar afla o persoan\u0103 care ar folosi o arm\u0103, tip lunet\u0103. La fa\u021ba locului s-au deplasat de urgen\u021b\u0103 poli\u021bi\u0219tii, \u00eempreun\u0103 mai multe echipe de asalt din cadrul SAS, care au identificat loca\u021bia exact\u0103, pentru a putea interveni \u00een condi\u021bii de siguran\u021b\u0103. De asemenea, din primele verific\u0103ri s-a stabilit faptul c\u0103 un b\u0103rbat, care se afla la ultimul etaj al blocului, pe teras\u0103, m\u00e2nuia o arm\u0103 tip lunet\u0103, \u00een prezen\u021ba unui minor\u201d, se spune \u00een comunicatul Poli\u021biei Capitalei.<\/p>\n<p>La fa\u021ba locului, informa\u021bia s-a dovedit exact\u0103, \u00eens\u0103 arma de\u021binut\u0103 de b\u0103rbat era una de tip airsoft, acesta dorind \u201es\u0103 aib\u0103 o activitate de recreere\u201d, \u00eempreun\u0103 cu nepotul s\u0103u.<\/p>\n<p>\u201ePoli\u021bia Capitalei \u2013 Sec\u021bia 3, a fost sesizat\u0103 despre faptul c\u0103 pe terasa unui bloc din Sectorul 1, s-ar afla o persoan\u0103 care ar folosi o arm\u0103, tip lunet\u0103. La fa\u021ba locului s-au deplasat de urgen\u021b\u0103 poli\u021bi\u0219tii, \u00eempreun\u0103 mai multe echipe de asalt din cadrul SAS, care au identificat loca\u021bia exact\u0103, pentru a putea interveni \u00een condi\u021bii de siguran\u021b\u0103. De asemenea, din primele verific\u0103ri s-a stabilit faptul c\u0103 un b\u0103rbat, care se afla la ultimul etaj al blocului, pe teras\u0103, m\u00e2nuia o arm\u0103 tip lunet\u0103, \u00een prezen\u021ba unui minor\u201d, se spune \u00een comunicatul Poli\u021biei Capitalei.<\/p>\n\n<p>\u00a0<\/p>","protected":false},"excerpt":{"rendered":"<p>\u201ePoli\u021bia Capitalei \u2013 Sec\u021bia 3, a fost sesizat\u0103 despre faptul c\u0103 pe terasa unui bloc&hellip;<\/p>\n","protected":false},"author":0,"featured_media":42999,"comment_status":"open","ping_status":"open","sticky":false,"template":"","format":"standard","meta":{"footnotes":""},"categories":[2],"tags":[],"class_list":["post-42998","post","type-post","status-publish","format-standard","has-post-thumbnail","hentry","category-actual"],"_links":{"self":[{"href":"https:\/\/247stiri.ro\/index.php\/wp-json\/wp\/v2\/posts\/42998","targetHints":{"allow":["GET"]}}],"collection":[{"href":"https:\/\/247stiri.ro\/index.php\/wp-json\/wp\/v2\/posts"}],"about":[{"href":"https:\/\/247stiri.ro\/index.php\/wp-json\/wp\/v2\/types\/post"}],"replies":[{"embeddable":true,"href":"https:\/\/247stiri.ro\/index.php\/wp-json\/wp\/v2\/comments?post=42998"}],"version-history":[{"count":0,"href":"https:\/\/247stiri.ro\/index.php\/wp-json\/wp\/v2\/posts\/42998\/revisions"}],"wp:featuredmedia":[{"embeddable":true,"href":"https:\/\/247stiri.ro\/index.php\/wp-json\/wp\/v2\/media\/42999"}],"wp:attachment":[{"href":"https:\/\/247stiri.ro\/index.php\/wp-json\/wp\/v2\/media?parent=42998"}],"wp:term":[{"taxonomy":"category","embeddable":true,"href":"https:\/\/247stiri.ro\/index.php\/wp-json\/wp\/v2\/categories?post=42998"},{"taxonomy":"post_tag","embeddable":true,"href":"https:\/\/247stiri.ro\/index.php\/wp-json\/wp\/v2\/tags?post=42998"}],"curies":[{"name":"wp","href":"https:\/\/api.w.org\/{rel}","templated":true}]}}