{"id":43002,"date":"2025-03-27T09:44:57","date_gmt":"2025-03-27T09:44:57","guid":{"rendered":"https:\/\/247stiri.ro\/index.php\/2025\/03\/27\/scandal-de-proportii-la-primaria-capitalei-cum-se-scuza-nicusor-dan-live-text\/"},"modified":"2025-03-27T09:44:57","modified_gmt":"2025-03-27T09:44:57","slug":"scandal-de-proportii-la-primaria-capitalei-cum-se-scuza-nicusor-dan-live-text","status":"publish","type":"post","link":"https:\/\/247stiri.ro\/index.php\/2025\/03\/27\/scandal-de-proportii-la-primaria-capitalei-cum-se-scuza-nicusor-dan-live-text\/","title":{"rendered":"Scandal de propor\u021bii la Prim\u0103ria Capitalei. Cum se scuz\u0103 Nicu\u0219or Dan. LIVE TEXT"},"content":{"rendered":"<p>\u201dCe pot s\u0103 spun, \u00eemp\u0103r\u021birea de bani \u00eentre Prim\u0103ria Capitalei \u0219i Prim\u0103riile de Sector, erau de trei ori mai mul\u021bi bani la Prim\u0103riile de Sector, dec\u00e2t la Prim\u0103ria Capitalei, \u00eenainte de referedum. Acum, sunt de cinci ori mai mul\u021bi bani la prim\u0103riile de sector, dec\u00e2t la Prim\u0103ria Capitalei.<\/p>\n<p>\u00centrebat dac\u0103 a v\u0103zut asta ca pe o r\u0103zbunare din partea liderilor Coali\u021biei, edilul a r\u0103spuns: \u201dAm v\u0103zut asta ca pe o presiune a primarilor de sector, legitim\u0103, \u0219i ca o incapacitate de a vedea dincolo de jocurile politice a liderilor politici na\u021bionali pentru c\u0103 nu se poate totu\u0219i s\u0103 neglijezi marea infrasturctur\u0103 a bucure\u0219tenilor\u201d.\u00a0<\/p>\n<p>\u00cen ceea ce prive\u0219te avizul prentru \u00eenceperea lucr\u0103rilor de reabilitare a Plan\u0219eului Unirii, primarul general a spus c\u0103 acesta va fi emis s\u0103pt\u0103m\u00e2na viitoare.\u00a0<\/p>\n<p>\u201dDac\u0103 vorbim de avizul Direc\u021biei de Transporturi o s\u0103 fie emis p\u00e2n\u0103 s\u0103pt\u0103m\u00e2na viitoare. Dac\u0103 vorbim de autoriza\u021bie s\u0103 vedem toate celelalte avize\u201d, a mai spus edilul.\u00a0<\/p>\n<p>C\u00e2t despre modernizarea liniei 5 de tramvai pe care a promis c\u0103 o va face \u00eenc\u0103 de anul trecut, Nicu\u0219or Dan a spus c\u0103 \u201deste tot o problem\u0103 de finana\u021bre\u201d.\u00a0<\/p>","protected":false},"excerpt":{"rendered":"<p>\u201dCe pot s\u0103 spun, \u00eemp\u0103r\u021birea de bani \u00eentre Prim\u0103ria Capitalei \u0219i Prim\u0103riile de Sector, erau&hellip;<\/p>\n","protected":false},"author":0,"featured_media":42996,"comment_status":"open","ping_status":"open","sticky":false,"template":"","format":"standard","meta":{"footnotes":""},"categories":[2],"tags":[],"class_list":["post-43002","post","type-post","status-publish","format-standard","has-post-thumbnail","hentry","category-actual"],"_links":{"self":[{"href":"https:\/\/247stiri.ro\/index.php\/wp-json\/wp\/v2\/posts\/43002","targetHints":{"allow":["GET"]}}],"collection":[{"href":"https:\/\/247stiri.ro\/index.php\/wp-json\/wp\/v2\/posts"}],"about":[{"href":"https:\/\/247stiri.ro\/index.php\/wp-json\/wp\/v2\/types\/post"}],"replies":[{"embeddable":true,"href":"https:\/\/247stiri.ro\/index.php\/wp-json\/wp\/v2\/comments?post=43002"}],"version-history":[{"count":0,"href":"https:\/\/247stiri.ro\/index.php\/wp-json\/wp\/v2\/posts\/43002\/revisions"}],"wp:featuredmedia":[{"embeddable":true,"href":"https:\/\/247stiri.ro\/index.php\/wp-json\/wp\/v2\/media\/42996"}],"wp:attachment":[{"href":"https:\/\/247stiri.ro\/index.php\/wp-json\/wp\/v2\/media?parent=43002"}],"wp:term":[{"taxonomy":"category","embeddable":true,"href":"https:\/\/247stiri.ro\/index.php\/wp-json\/wp\/v2\/categories?post=43002"},{"taxonomy":"post_tag","embeddable":true,"href":"https:\/\/247stiri.ro\/index.php\/wp-json\/wp\/v2\/tags?post=43002"}],"curies":[{"name":"wp","href":"https:\/\/api.w.org\/{rel}","templated":true}]}}