{"id":43019,"date":"2025-03-27T10:44:52","date_gmt":"2025-03-27T10:44:52","guid":{"rendered":"https:\/\/247stiri.ro\/index.php\/2025\/03\/27\/trafic-feroviar-blocat-pe-magistrala-100-valea-cernei-orsova-un-tren-a-lovit-mortal-o-persoana\/"},"modified":"2025-03-27T10:44:52","modified_gmt":"2025-03-27T10:44:52","slug":"trafic-feroviar-blocat-pe-magistrala-100-valea-cernei-orsova-un-tren-a-lovit-mortal-o-persoana","status":"publish","type":"post","link":"https:\/\/247stiri.ro\/index.php\/2025\/03\/27\/trafic-feroviar-blocat-pe-magistrala-100-valea-cernei-orsova-un-tren-a-lovit-mortal-o-persoana\/","title":{"rendered":"Trafic feroviar blocat pe Magistrala 100, Valea Cernei \u2013 Or\u015fova. Un tren a lovit mortal o persoan\u0103"},"content":{"rendered":"<p>\u201dCompania Na\u0163ional\u0103 de C\u0103i Ferate \u201cCFR\u201d SA informeaz\u0103 c\u0103 circula\u0163ia feroviar\u0103 pe Magistrala 100, sec\u0163ia Valea Cernei \u2013 Or\u015fova, este temporar suspendat\u0103 ca urmare a unui incident feroviar produs \u00een Halta de Mi\u015fcare Valea Cernei. \u00cen jurul orei 09:56, trenul IR 1692, operat de CFR C\u0103l\u0103tori, a surprins \u015fi accidentat mortal o persoan\u0103 aflat\u0103 \u00een gabaritul liniei de cale ferat\u0103\u201d, a transmis, joi, <a href=\"https:\/\/www.realitatea.net\/stiri\/actual\/trafic-feroviar-blocat-de-un-incendiu-de-vegetatie-un-tren-cu-31-de-pasageri-oprit-din-drum-exista-riscul-ca-locomotiva-sa-ia-foc_67dedc8833ffb07007771792\" target=\"_blank\">CFR C\u0103l\u0103tori<\/a>, \u00eentr-un comunicat.\u00a0<\/p>\n<p>Conform reprezentan\u021bilor institu\u021biei, \u00een conformitate cu procedurile standard de siguran\u0163\u0103, trenul IR 1692, care circul\u0103 \u00een rela\u0163ia Timi\u015foara \u2013 Bucure\u015fti Nord, va r\u0103m\u00e2ne oprit la locul incidentului p\u00e2n\u0103 la finalizarea investiga\u0163iilor desf\u0103\u015furate de autorit\u0103\u0163ile competente.<\/p>\n<p>\u201d\u00centruc\u00e2t aceast\u0103 sec\u0163ie CF este deservit\u0103 de o linie simpl\u0103 electrificat\u0103, traficul feroviar pe segmentul Valea Cernei \u2013 Or\u015fova va fi reluat imediat dup\u0103 \u00eencheierea formalit\u0103\u0163ilor impuse de legisla\u0163ia \u00een vigoare\u201d, a mai transmis CFR.<\/p>\n<p>\u00cen timpul desf\u0103\u015fur\u0103rii anchetei la fa\u0163a locului, toate trenurile care opereaz\u0103 pe acest tronson vor circula potrivit unui grafic ajustat, astfel \u00eenc\u00e2t impactul asupra mobilit\u0103\u0163ii pasagerilor s\u0103 fie minimizat.<\/p>","protected":false},"excerpt":{"rendered":"<p>\u201dCompania Na\u0163ional\u0103 de C\u0103i Ferate \u201cCFR\u201d SA informeaz\u0103 c\u0103 circula\u0163ia feroviar\u0103 pe Magistrala 100, sec\u0163ia&hellip;<\/p>\n","protected":false},"author":0,"featured_media":43020,"comment_status":"open","ping_status":"open","sticky":false,"template":"","format":"standard","meta":{"footnotes":""},"categories":[2],"tags":[],"class_list":["post-43019","post","type-post","status-publish","format-standard","has-post-thumbnail","hentry","category-actual"],"_links":{"self":[{"href":"https:\/\/247stiri.ro\/index.php\/wp-json\/wp\/v2\/posts\/43019","targetHints":{"allow":["GET"]}}],"collection":[{"href":"https:\/\/247stiri.ro\/index.php\/wp-json\/wp\/v2\/posts"}],"about":[{"href":"https:\/\/247stiri.ro\/index.php\/wp-json\/wp\/v2\/types\/post"}],"replies":[{"embeddable":true,"href":"https:\/\/247stiri.ro\/index.php\/wp-json\/wp\/v2\/comments?post=43019"}],"version-history":[{"count":0,"href":"https:\/\/247stiri.ro\/index.php\/wp-json\/wp\/v2\/posts\/43019\/revisions"}],"wp:featuredmedia":[{"embeddable":true,"href":"https:\/\/247stiri.ro\/index.php\/wp-json\/wp\/v2\/media\/43020"}],"wp:attachment":[{"href":"https:\/\/247stiri.ro\/index.php\/wp-json\/wp\/v2\/media?parent=43019"}],"wp:term":[{"taxonomy":"category","embeddable":true,"href":"https:\/\/247stiri.ro\/index.php\/wp-json\/wp\/v2\/categories?post=43019"},{"taxonomy":"post_tag","embeddable":true,"href":"https:\/\/247stiri.ro\/index.php\/wp-json\/wp\/v2\/tags?post=43019"}],"curies":[{"name":"wp","href":"https:\/\/api.w.org\/{rel}","templated":true}]}}