{"id":43021,"date":"2025-03-27T10:44:52","date_gmt":"2025-03-27T10:44:52","guid":{"rendered":"https:\/\/247stiri.ro\/index.php\/2025\/03\/27\/george-simion-presedintele-aur-abuzurile-cna-asupra-libertatii-de-exprimare-cenzura-in-romania-merge-mai-departe\/"},"modified":"2025-03-27T10:44:52","modified_gmt":"2025-03-27T10:44:52","slug":"george-simion-presedintele-aur-abuzurile-cna-asupra-libertatii-de-exprimare-cenzura-in-romania-merge-mai-departe","status":"publish","type":"post","link":"https:\/\/247stiri.ro\/index.php\/2025\/03\/27\/george-simion-presedintele-aur-abuzurile-cna-asupra-libertatii-de-exprimare-cenzura-in-romania-merge-mai-departe\/","title":{"rendered":"George Simion, pre\u0219edintele AUR: \u201dAbuzurile CNA asupra libert\u0103\u021bii de exprimare: cenzura \u00een Rom\u00e2nia merge mai departe\u201d"},"content":{"rendered":"<p>\u201dObserv un nou abuz al CNA, care a decis s\u0103 elimine o emisiune a jurnalistului Marius Tuc\u0103 de pe YouTube, intitulat\u0103 chiar \u201eDemocra\u021bia a fost c\u0103lcat\u0103 \u00een picioare\u201d \u0219i alte materiale virale de pe re\u021belele sociale, \u00een numele unei legisla\u021bii audiovizuale pe care o folose\u0219te ca scuz\u0103 pentru cenzur\u0103. CNA a considerat c\u0103 emisiunea \u201eDemocra\u021bia a fost c\u0103lcat\u0103 \u00een picioare\u201d a lui Marius Tuc\u0103, \u00een care jurnalistul vorbe\u0219te despre \u00eenc\u0103lcarea flagrant\u0103 a democra\u021biei \u00een Rom\u00e2nia, ar \u00eenc\u0103lca ordinea public\u0103. Este evident c\u0103 CNA, o institu\u021bie care ar trebui s\u0103 apere libertatea de exprimare, ajunge s\u0103 apere interesele politice ale celor care ne-au adus \u00een acest punct.<\/p>\n<p>A\u0219 vrea s\u0103 subliniez clar: aceasta nu este doar o decizie care afecteaz\u0103 libertatea presei, ci un atac direct asupra voin\u021bei poporului rom\u00e2n de a-\u0219i exprima opiniile liber \u0219i deschis. CNA nu \u00ee\u0219i mai respect\u0103 nici m\u0103car rolul de reglator al domeniului audiovizual, devenind o unealt\u0103 politic\u0103 a actualei puteri. Iar acest lucru este extrem de periculos.<\/p>\n<p>Cum se face c\u0103 CNA, care are at\u00e2t de multe motive s\u0103 ac\u021bioneze, nu ia nicio decizie \u00eempotriva posturilor de televiziune precum Rom\u00e2nia TV sau Antena 3? Acestea promoveaz\u0103 \u00eentr-o manier\u0103 grav\u0103 o agend\u0103 partizan\u0103, dezinformeaz\u0103 masiv \u0219i manipuleaz\u0103 opinia public\u0103 \u00een favoarea celor care se afl\u0103 la guvernare sau a unor candida\u021bi care aspir\u0103 la func\u021bia suprem\u0103 \u00een stat. Este clar c\u0103 exist\u0103 o dubl\u0103 m\u0103sur\u0103 c\u00e2nd vine vorba de aplicarea legii, iar acest lucru nu face dec\u00e2t s\u0103 ad\u00e2nceasc\u0103 ne\u00eencrederea rom\u00e2nilor \u00een sistemul nostru democratic.<\/p>\n<p>Mai mult, am mai scris despre CNA \u0219i am atras aten\u021bia asupra declara\u021biilor scandalos de grave ale vicepre\u0219edintelui CNA, Valentin Jucan, care l-a numit pe pre\u0219edintele SUA, Donald Trump, \u201enazist\u201d. A\u0219a ceva este inadmisibil \u00eentr-o \u021bar\u0103 care se consider\u0103 parte a lumii libere \u0219i al unui parteneriat strategic cu Statele Unite. Detalii despre acest subiect le g\u0103si\u021bi \u00een articolul de aici: \u201eDelirul elitelor de carton: atac grav la libertatea de exprimare \u0219i la parteneriatul strategic cu Statele Unite\u201d.<\/p>\n<p>CNA a mai lovit \u00een libertatea de exprimare a presei atunci c\u00e2nd a decis s\u0103 \u00eentrerup\u0103 emisia postului Realitatea PLUS. O ac\u021biune scandaloas\u0103 care nu face dec\u00e2t s\u0103 sublinieze controlul politic al acestei institu\u021bii asupra presei libere. Detalii despre acest subiect le g\u0103si\u021bi aici: \u201eCNA love\u0219te din nou \u00een libertatea presei: postul Realitatea PLUS redus la t\u0103cere\u201d.<\/p>\n<p>Este evident c\u0103 CNA ac\u021bioneaz\u0103 conform intereselor celor care vor s\u0103 controleze informa\u021biile \u0219i s\u0103 \u021bin\u0103 rom\u00e2nii sub t\u0103cere. Consiliul Na\u021bional al Audiovizualului a devenit o institu\u021bie care trebuie rapid lipsit\u0103 de posibilitatea de a face partizanat politic, a\u0219a cum am spus \u0219i \u00een 2023: \u201eCNA trebuie rapid lipsit\u0103 de posibilitatea de a face partizanat politic.\u201d (detalii AICI)<\/p>\n<p>Coali\u021bia de guvernare PSD-PNL-UDMR func\u021bioneaz\u0103 \u0219i \u00een cadrul CNA-ului, iar acest lucru nu face dec\u00e2t s\u0103 sublinieze c\u00e2t de periculoas\u0103 este cenzura \u00een Rom\u00e2nia. Unde este libertatea presei? Unde este dreptul rom\u00e2nilor de a fi informa\u021bi corect?<\/p>\n<p>Este momentul s\u0103 spunem cu to\u021bii: JOS CENZURA!<\/p>\n<p>Este timpul ca rom\u00e2nii s\u0103 \u00ee\u0219i recupereze dreptul de a vorbi liber \u0219i de a asculta adev\u0103rul, nu manipul\u0103rile care ne sunt impuse de cei care ne conduc. Voi continua s\u0103 lupt pentru o Rom\u00e2nie liber\u0103, pentru o Rom\u00e2nie \u00een care vocea poporului s\u0103 fie auzit\u0103, f\u0103r\u0103 fric\u0103 de represalii \u0219i cenzur\u0103.<\/p>\n<p>Rom\u00e2nia trebuie s\u0103 r\u0103m\u00e2n\u0103 un loc al libert\u0103\u021bii, al democra\u021biei \u0219i al respectului pentru drepturile fundamentale ale fiec\u0103rui cet\u0103\u021bean!\u201d, a afirmat <a href=\"https:\/\/www.realitatea.net\/stiri\/actual\/george-simion-apel-la-bolojan-ii-cer-public-sa-nu-angajeze-romania-in-trimiterea-de-trupe-in-ucraina_67e5009ac31f9e07141c5a62\" target=\"_blank\">liderul AUR<\/a>.\u00a0<\/p>","protected":false},"excerpt":{"rendered":"<p>\u201dObserv un nou abuz al CNA, care a decis s\u0103 elimine o emisiune a jurnalistului&hellip;<\/p>\n","protected":false},"author":0,"featured_media":43016,"comment_status":"open","ping_status":"open","sticky":false,"template":"","format":"standard","meta":{"footnotes":""},"categories":[2],"tags":[],"class_list":["post-43021","post","type-post","status-publish","format-standard","has-post-thumbnail","hentry","category-actual"],"_links":{"self":[{"href":"https:\/\/247stiri.ro\/index.php\/wp-json\/wp\/v2\/posts\/43021","targetHints":{"allow":["GET"]}}],"collection":[{"href":"https:\/\/247stiri.ro\/index.php\/wp-json\/wp\/v2\/posts"}],"about":[{"href":"https:\/\/247stiri.ro\/index.php\/wp-json\/wp\/v2\/types\/post"}],"replies":[{"embeddable":true,"href":"https:\/\/247stiri.ro\/index.php\/wp-json\/wp\/v2\/comments?post=43021"}],"version-history":[{"count":0,"href":"https:\/\/247stiri.ro\/index.php\/wp-json\/wp\/v2\/posts\/43021\/revisions"}],"wp:featuredmedia":[{"embeddable":true,"href":"https:\/\/247stiri.ro\/index.php\/wp-json\/wp\/v2\/media\/43016"}],"wp:attachment":[{"href":"https:\/\/247stiri.ro\/index.php\/wp-json\/wp\/v2\/media?parent=43021"}],"wp:term":[{"taxonomy":"category","embeddable":true,"href":"https:\/\/247stiri.ro\/index.php\/wp-json\/wp\/v2\/categories?post=43021"},{"taxonomy":"post_tag","embeddable":true,"href":"https:\/\/247stiri.ro\/index.php\/wp-json\/wp\/v2\/tags?post=43021"}],"curies":[{"name":"wp","href":"https:\/\/api.w.org\/{rel}","templated":true}]}}