{"id":43025,"date":"2025-03-27T10:44:54","date_gmt":"2025-03-27T10:44:54","guid":{"rendered":"https:\/\/247stiri.ro\/index.php\/2025\/03\/27\/barbat-in-greva-foamei-la-usa-lui-nicusor-dan-un-om-care-are-doua-dosare-penale-nu-poate-fi-presedintele-romaniei\/"},"modified":"2025-03-27T10:44:54","modified_gmt":"2025-03-27T10:44:54","slug":"barbat-in-greva-foamei-la-usa-lui-nicusor-dan-un-om-care-are-doua-dosare-penale-nu-poate-fi-presedintele-romaniei","status":"publish","type":"post","link":"https:\/\/247stiri.ro\/index.php\/2025\/03\/27\/barbat-in-greva-foamei-la-usa-lui-nicusor-dan-un-om-care-are-doua-dosare-penale-nu-poate-fi-presedintele-romaniei\/","title":{"rendered":"B\u0103rbat \u00een greva foamei la u\u0219a lui Nicu\u0219or Dan: \u201dUn om care are dou\u0103 dosare penale nu poate fi pre\u0219edintele Rom\u00e2niei\u201d"},"content":{"rendered":"<p>\u201dTrebuie s\u0103 \u0219tie to\u021bi cet\u0103\u021benii Rom\u00e2niei c\u0103 \u00eencep\u00e2nd cu anul 2021, domnul primar general, Nicu\u0219or Dan, \u00een mod ilegal, f\u0103r\u0103 a avea la baz\u0103 niciun document a t\u0103iat persoanelor adulte cu dizabilit\u0103\u021bi de la 500 de lei la suma de 250 de lei. \u00cen anul 2023, de\u0219i avea foarte multe datorii s-a l\u0103udat public, pe pagina d\u00e2nsului de Facebook, c\u0103 PMB nu are nicio datorie, ulterior Curtea de Conturi prin raportul de audit a stabilit c\u0103 anumite sume nepl\u0103tite persoanelor cu dizabilit\u0103\u021bi nu au fost \u00eenscrise corect \u00een contabilitate. Mai exact, legea 273\/2006, Art. 14, alin.6 spune c\u0103 orice primar este obligat s\u0103 bugeteze sumele restante la sf\u00e2r\u0219itul anului anterior.<\/p>\n<p>Nu am primit niciun r\u0103spuns din partea lui <a href=\"https:\/\/www.realitatea.net\/stiri\/actual\/scandal-de-proportii-la-primaria-capitalei-cum-se-scuza-nicusor-dan-live-text_67e51625471b2733992b5af2\" target=\"_blank\">Nicu\u0219or Dan.<\/a> Persoanele care s-au sim\u021bit ne\u00eendrept\u0103\u021bite au dat \u00een judecat\u0103 DGASMB \u0219i au c\u00e2\u0219tigat definitiv la Curtea de Apel, plata integrat\u0103 a stimulentului \u0219i ce e mai r\u0103u pentru buget e c\u0103 au c\u00e2\u0219tigat actualizarea cu rata infla\u021biei \u0219i dob\u00e2nda legal\u0103, bani care se vor pl\u0103ti din bani publici, din cauz\u0103 c\u0103 un primar \u00eenc\u0103p\u0103\u021b\u00e2nat a refuzat s\u0103 respecte legea.\u00a0<\/p>\n<p>\u00cen acest moment, sumele datorate la sf\u00e2r\u0219itul anului 2024, sunt de 400 de milioane de lei, iar suma alocat\u0103 credite-bugetare alocat\u0103 anul acesta pentru \u0219tergerea restan\u021bei este de zero lei\u201d, a declarat b\u0103rbatul, la Realitatea PLUS.\u00a0<\/p>\n<p>\u00centrebat p\u00e2n\u0103 c\u00e2nd va sta \u00een greva foamei, acesta a r\u0103spuns: \u201dPe termen nelimitat! P\u00e2n\u0103 c\u00e2nd ordonatorul principal de credite va aloca integral restana la stimulent plus banii necesari pentru anul \u00een curs\u201d.\u00a0<\/p>\n<p>C\u00e2t despre campania electoral\u0103 a lui Nicu\u0219or Dan, b\u0103rbatul aflat \u00een greva foamei a spus c\u0103 edilul nu poate s\u0103 fie pre\u0219edintele Rom\u00e2niei, deoarece \u201dare dou\u0103 dosare penale\u201d.\u00a0<\/p>\n<p>\u201dPoate s\u0103 fac\u0103 ce vrea at\u00e2ta timp c\u00e2t respect\u0103 legea. Exist\u0103 dosar penal, are pl\u00e2ngere penal\u0103 din partea unei doamne, care are hot\u0103r\u00e2re de instan\u021b\u0103 definitiv\u0103 \u0219i atunci a refuzat s\u0103 \u00eei elibereze o autoriza\u021bie de demolare. Mai are din partea mea o pl\u00e2ngere penal\u0103 la Tribunalul Bucure\u0219ti pentru abuz \u00een serviciu. Un om care are dou\u0103 dosare penale nu poate fi pre\u0219edintele Rom\u00e2niei\u201d, a mai spus protestatarul.<\/p>","protected":false},"excerpt":{"rendered":"<p>\u201dTrebuie s\u0103 \u0219tie to\u021bi cet\u0103\u021benii Rom\u00e2niei c\u0103 \u00eencep\u00e2nd cu anul 2021, domnul primar general, Nicu\u0219or&hellip;<\/p>\n","protected":false},"author":0,"featured_media":43026,"comment_status":"open","ping_status":"open","sticky":false,"template":"","format":"standard","meta":{"footnotes":""},"categories":[2],"tags":[],"class_list":["post-43025","post","type-post","status-publish","format-standard","has-post-thumbnail","hentry","category-actual"],"_links":{"self":[{"href":"https:\/\/247stiri.ro\/index.php\/wp-json\/wp\/v2\/posts\/43025","targetHints":{"allow":["GET"]}}],"collection":[{"href":"https:\/\/247stiri.ro\/index.php\/wp-json\/wp\/v2\/posts"}],"about":[{"href":"https:\/\/247stiri.ro\/index.php\/wp-json\/wp\/v2\/types\/post"}],"replies":[{"embeddable":true,"href":"https:\/\/247stiri.ro\/index.php\/wp-json\/wp\/v2\/comments?post=43025"}],"version-history":[{"count":0,"href":"https:\/\/247stiri.ro\/index.php\/wp-json\/wp\/v2\/posts\/43025\/revisions"}],"wp:featuredmedia":[{"embeddable":true,"href":"https:\/\/247stiri.ro\/index.php\/wp-json\/wp\/v2\/media\/43026"}],"wp:attachment":[{"href":"https:\/\/247stiri.ro\/index.php\/wp-json\/wp\/v2\/media?parent=43025"}],"wp:term":[{"taxonomy":"category","embeddable":true,"href":"https:\/\/247stiri.ro\/index.php\/wp-json\/wp\/v2\/categories?post=43025"},{"taxonomy":"post_tag","embeddable":true,"href":"https:\/\/247stiri.ro\/index.php\/wp-json\/wp\/v2\/tags?post=43025"}],"curies":[{"name":"wp","href":"https:\/\/api.w.org\/{rel}","templated":true}]}}