{"id":43038,"date":"2025-03-27T11:45:06","date_gmt":"2025-03-27T11:45:06","guid":{"rendered":"https:\/\/247stiri.ro\/index.php\/2025\/03\/27\/dosarul-2-mai-vlad-pascu-ramane-in-arest-preventiv-inca-60-de-zile-decizia-este-definitiva\/"},"modified":"2025-03-27T11:45:06","modified_gmt":"2025-03-27T11:45:06","slug":"dosarul-2-mai-vlad-pascu-ramane-in-arest-preventiv-inca-60-de-zile-decizia-este-definitiva","status":"publish","type":"post","link":"https:\/\/247stiri.ro\/index.php\/2025\/03\/27\/dosarul-2-mai-vlad-pascu-ramane-in-arest-preventiv-inca-60-de-zile-decizia-este-definitiva\/","title":{"rendered":"Dosarul 2 Mai. Vlad Pascu r\u0103m\u00e2ne \u00een arest preventiv \u00eenc\u0103 60 de zile &#8211; decizia este definitiv\u0103"},"content":{"rendered":"<p>Curtea de Apel Constan\u0163a a decis, joi, s\u0103 men\u0163in\u0103 m\u0103sura arest\u0103rii preventive pentru Vlad Pascu.\u00a0\u00a0\u201d\u00cen baza art. 420 alin. 11 rap. art. 362 alin. 2, art. 208 alin.3 \u015fi 4 \u015fi art.207 alin.4 C.proc.pen constat\u0103 legalitatea \u015fi temeinicia m\u0103surii arest\u0103rii preventive dispus\u0103 fa\u0163\u0103 de inculpatul Pascu Matei Vlad, m\u0103sur\u0103 pe care o men\u0163ine pe o perioad\u0103 de p\u00e2n\u0103 la 60 de zile, urm\u00e2nd a fi verificat\u0103 cel mai t\u00e2rziu p\u00e2n\u0103 la data de 25.05.2025, inclusiv.\u00a0\u00cen baza art.242 alin.2 Cod procedur\u0103 penal\u0103, respinge ca, nefondat\u0103, cererea de \u00eenlocuire a m\u0103surii arestului preventiv cu cea a arestului la domiciliu\/control judiciar. Se comunic\u0103 conform dispozi\u0163iilor legale. Definitiv\u0103\u201d, se arat\u0103 \u00een minuta instan\u0163ei.\u00a0\u00a0Avocatul lui Vlad Pascu invocase \u00een fa\u0163a instan\u0163ei c\u0103 prelungirea arestului preventiv a fost f\u0103cut\u0103 de Judec\u0103toria Mangalia, la sf\u00e2r\u015fitul lunii ianuarie, \u00een deliberare, f\u0103r\u0103 s\u0103 ia concluziile ap\u0103r\u0103rii \u015fi ultimul cuv\u00e2nt al lui Vlad Pascu, iar acest lucru ar contravine prevederilor legale.\u00a0<\/p>","protected":false},"excerpt":{"rendered":"<p>Curtea de Apel Constan\u0163a a decis, joi, s\u0103 men\u0163in\u0103 m\u0103sura arest\u0103rii preventive pentru Vlad Pascu.\u00a0\u00a0\u201d\u00cen&hellip;<\/p>\n","protected":false},"author":0,"featured_media":43039,"comment_status":"open","ping_status":"open","sticky":false,"template":"","format":"standard","meta":{"footnotes":""},"categories":[2],"tags":[],"class_list":["post-43038","post","type-post","status-publish","format-standard","has-post-thumbnail","hentry","category-actual"],"_links":{"self":[{"href":"https:\/\/247stiri.ro\/index.php\/wp-json\/wp\/v2\/posts\/43038","targetHints":{"allow":["GET"]}}],"collection":[{"href":"https:\/\/247stiri.ro\/index.php\/wp-json\/wp\/v2\/posts"}],"about":[{"href":"https:\/\/247stiri.ro\/index.php\/wp-json\/wp\/v2\/types\/post"}],"replies":[{"embeddable":true,"href":"https:\/\/247stiri.ro\/index.php\/wp-json\/wp\/v2\/comments?post=43038"}],"version-history":[{"count":0,"href":"https:\/\/247stiri.ro\/index.php\/wp-json\/wp\/v2\/posts\/43038\/revisions"}],"wp:featuredmedia":[{"embeddable":true,"href":"https:\/\/247stiri.ro\/index.php\/wp-json\/wp\/v2\/media\/43039"}],"wp:attachment":[{"href":"https:\/\/247stiri.ro\/index.php\/wp-json\/wp\/v2\/media?parent=43038"}],"wp:term":[{"taxonomy":"category","embeddable":true,"href":"https:\/\/247stiri.ro\/index.php\/wp-json\/wp\/v2\/categories?post=43038"},{"taxonomy":"post_tag","embeddable":true,"href":"https:\/\/247stiri.ro\/index.php\/wp-json\/wp\/v2\/tags?post=43038"}],"curies":[{"name":"wp","href":"https:\/\/api.w.org\/{rel}","templated":true}]}}