{"id":43060,"date":"2025-03-27T12:47:27","date_gmt":"2025-03-27T12:47:27","guid":{"rendered":"https:\/\/247stiri.ro\/index.php\/2025\/03\/27\/soarta-lui-hurezeanu-decisa-maine-in-coalitie-ministrul-de-externe-se-va-intalni-cu-liderii-executivului\/"},"modified":"2025-03-27T12:47:27","modified_gmt":"2025-03-27T12:47:27","slug":"soarta-lui-hurezeanu-decisa-maine-in-coalitie-ministrul-de-externe-se-va-intalni-cu-liderii-executivului","status":"publish","type":"post","link":"https:\/\/247stiri.ro\/index.php\/2025\/03\/27\/soarta-lui-hurezeanu-decisa-maine-in-coalitie-ministrul-de-externe-se-va-intalni-cu-liderii-executivului\/","title":{"rendered":"Soarta lui Hurezeanu, decis\u0103 m\u00e2ine \u00een coali\u021bie. Ministrul de Externe se va \u00eent\u00e2lni cu liderii executivului"},"content":{"rendered":"<p>Ministrul Emil Hurezeanu a fost \u00eentrebat, la sediul MAE, dac\u0103 a avut discu\u0163ii cu liderii coali\u0163iei de guvernare despre schimbarea sa din func\u0163ie, \u00een urma declara\u0163iilor premierului Marcel Ciolacu.\u00a0<\/p>\n<p>Hurezeanu a ar\u0103tat c\u0103 va discuta vineri. \u201dM\u00e2ine, \u015fi de m\u00e2ine \u00eencolo vorbim mai mult\u201d, a spus el.\u00a0<\/p>\n<p>\u00centrebat dac\u0103 i s-a spus de ce va fi schimbat din func\u0163ie, ministrul de Externe a r\u0103spuns: \u201dM\u00e2ine aflu. Vorbim m\u00e2ine\u201d.\u00a0<\/p>\n<p>Premierul Marcel Ciolacu a declarat, miercuri, la Constan\u0163a, despre ministrul de Externe Emil Hurezeanu, c\u0103 este un diplomat de excep\u0163ie \u015fi ca ministru de externe pentru Europa ar fi foarte c\u0103utat, dar tr\u0103im \u201d\u00eentr-o alt\u0103 dinamic\u0103\u201d.\u00a0<\/p>","protected":false},"excerpt":{"rendered":"<p>Ministrul Emil Hurezeanu a fost \u00eentrebat, la sediul MAE, dac\u0103 a avut discu\u0163ii cu liderii&hellip;<\/p>\n","protected":false},"author":0,"featured_media":43053,"comment_status":"open","ping_status":"open","sticky":false,"template":"","format":"standard","meta":{"footnotes":""},"categories":[2],"tags":[],"class_list":["post-43060","post","type-post","status-publish","format-standard","has-post-thumbnail","hentry","category-actual"],"_links":{"self":[{"href":"https:\/\/247stiri.ro\/index.php\/wp-json\/wp\/v2\/posts\/43060","targetHints":{"allow":["GET"]}}],"collection":[{"href":"https:\/\/247stiri.ro\/index.php\/wp-json\/wp\/v2\/posts"}],"about":[{"href":"https:\/\/247stiri.ro\/index.php\/wp-json\/wp\/v2\/types\/post"}],"replies":[{"embeddable":true,"href":"https:\/\/247stiri.ro\/index.php\/wp-json\/wp\/v2\/comments?post=43060"}],"version-history":[{"count":0,"href":"https:\/\/247stiri.ro\/index.php\/wp-json\/wp\/v2\/posts\/43060\/revisions"}],"wp:featuredmedia":[{"embeddable":true,"href":"https:\/\/247stiri.ro\/index.php\/wp-json\/wp\/v2\/media\/43053"}],"wp:attachment":[{"href":"https:\/\/247stiri.ro\/index.php\/wp-json\/wp\/v2\/media?parent=43060"}],"wp:term":[{"taxonomy":"category","embeddable":true,"href":"https:\/\/247stiri.ro\/index.php\/wp-json\/wp\/v2\/categories?post=43060"},{"taxonomy":"post_tag","embeddable":true,"href":"https:\/\/247stiri.ro\/index.php\/wp-json\/wp\/v2\/tags?post=43060"}],"curies":[{"name":"wp","href":"https:\/\/api.w.org\/{rel}","templated":true}]}}