{"id":4307,"date":"2024-11-04T09:50:14","date_gmt":"2024-11-04T09:50:14","guid":{"rendered":"https:\/\/247stiri.ro\/index.php\/2024\/11\/04\/scenariu-bomba-pe-scena-politica-ruperea-aur-si-alipirea-de-psd-lider-pnl-se-formeaza-un-partid-tomberon-condus-de-ponta\/"},"modified":"2024-11-04T09:50:14","modified_gmt":"2024-11-04T09:50:14","slug":"scenariu-bomba-pe-scena-politica-ruperea-aur-si-alipirea-de-psd-lider-pnl-se-formeaza-un-partid-tomberon-condus-de-ponta","status":"publish","type":"post","link":"https:\/\/247stiri.ro\/index.php\/2024\/11\/04\/scenariu-bomba-pe-scena-politica-ruperea-aur-si-alipirea-de-psd-lider-pnl-se-formeaza-un-partid-tomberon-condus-de-ponta\/","title":{"rendered":"Scenariu-bomb\u0103 pe scena politic\u0103: Ruperea AUR \u0219i alipirea de PSD! Lider PNL: Se formeaz\u0103 un partid tomberon condus de Ponta"},"content":{"rendered":"<p>Lideri ai Partidului Na\u021bional Liberal (PNL) acuz\u0103 c\u0103 se preg\u0103te\u0219te o ruptur\u0103 \u00een interiorul Alian\u021bei pentru Unirea Rom\u00e2nilor (AUR), urmat\u0103 de o posibil\u0103 unire cu Partidul Social Democrat (PSD), sub conducerea fostului premier Victor Ponta. Liberalii sus\u021bin c\u0103 primele discu\u021bii \u0219i demersuri pentru aceast\u0103 mutare ar fi deja \u00een desf\u0103\u0219urare.<\/p>\n<p>Liderii liberali acuz\u0103 c\u0103 social-democra\u021bii deja \u0219i-ar fi infiltrat mai mul\u021bi membri pe listele AUR special pentru a preg\u0103ti aceast\u0103 mi\u0219care. Mai exact, spun liderii liberali, ar urma ca partidul lui George Simion s\u0103 se rup\u0103 dup\u0103 alegeri \u0219i s\u0103 fie absorbit de Partidul Social Democrat.<\/p>\n<p>Dau ca exemplu liderii din PNL situa\u021biile de la nivel local, acolo unde cei din PSD \u0219i cei din AUR fac majoritate \u00een anumite consilii locale. De altfel, exist\u0103 \u0219i situa\u021bii punctuale, tot la nivel local, unde inclusiv cei din USR fac majorit\u0103\u021bi cu social-democra\u021bii. A\u0219a cum se \u00eent\u00e2mpl\u0103, spre exemplu, \u00een Maramure\u0219, acolo unde pre\u0219edintele filialei USR este sus\u021binut pentru func\u021bia de vicepre\u0219edinte de Consiliu Jude\u021bean de social-democra\u021bi, asta \u00een timp ce este \u0219i locotenent al primarului PSD din Baia Mare.<\/p>\n<p>\u0218i ne putem uita \u0219i la ce se \u00eent\u00e2mpl\u0103 \u00een Capital\u0103, acolo unde pre\u0219edintele USR Bucure\u0219ti, Vlad Voiculescu, spunea c\u0103 nu exclude o colaborare cu PSD. De partea cealalt\u0103, primarul general Nicu\u0219or Dan spunea c\u0103 ar fi vorba \u00eens\u0103 doar despre intoxic\u0103ri. <\/p>\n<p>\u00a0<\/p>","protected":false},"excerpt":{"rendered":"<p>Lideri ai Partidului Na\u021bional Liberal (PNL) acuz\u0103 c\u0103 se preg\u0103te\u0219te o ruptur\u0103 \u00een interiorul Alian\u021bei&hellip;<\/p>\n","protected":false},"author":0,"featured_media":4294,"comment_status":"open","ping_status":"open","sticky":false,"template":"","format":"standard","meta":{"footnotes":""},"categories":[2],"tags":[],"class_list":["post-4307","post","type-post","status-publish","format-standard","has-post-thumbnail","hentry","category-actual"],"_links":{"self":[{"href":"https:\/\/247stiri.ro\/index.php\/wp-json\/wp\/v2\/posts\/4307","targetHints":{"allow":["GET"]}}],"collection":[{"href":"https:\/\/247stiri.ro\/index.php\/wp-json\/wp\/v2\/posts"}],"about":[{"href":"https:\/\/247stiri.ro\/index.php\/wp-json\/wp\/v2\/types\/post"}],"replies":[{"embeddable":true,"href":"https:\/\/247stiri.ro\/index.php\/wp-json\/wp\/v2\/comments?post=4307"}],"version-history":[{"count":0,"href":"https:\/\/247stiri.ro\/index.php\/wp-json\/wp\/v2\/posts\/4307\/revisions"}],"wp:featuredmedia":[{"embeddable":true,"href":"https:\/\/247stiri.ro\/index.php\/wp-json\/wp\/v2\/media\/4294"}],"wp:attachment":[{"href":"https:\/\/247stiri.ro\/index.php\/wp-json\/wp\/v2\/media?parent=4307"}],"wp:term":[{"taxonomy":"category","embeddable":true,"href":"https:\/\/247stiri.ro\/index.php\/wp-json\/wp\/v2\/categories?post=4307"},{"taxonomy":"post_tag","embeddable":true,"href":"https:\/\/247stiri.ro\/index.php\/wp-json\/wp\/v2\/tags?post=4307"}],"curies":[{"name":"wp","href":"https:\/\/api.w.org\/{rel}","templated":true}]}}