{"id":43078,"date":"2025-03-27T13:44:51","date_gmt":"2025-03-27T13:44:51","guid":{"rendered":"https:\/\/247stiri.ro\/index.php\/2025\/03\/27\/hurezeanu-ar-putea-ramane-in-functie-dupa-discutia-de-maine-surse-un-nou-emisar-special-responsabil-de-relatia-cu-sua\/"},"modified":"2025-03-27T13:44:51","modified_gmt":"2025-03-27T13:44:51","slug":"hurezeanu-ar-putea-ramane-in-functie-dupa-discutia-de-maine-surse-un-nou-emisar-special-responsabil-de-relatia-cu-sua","status":"publish","type":"post","link":"https:\/\/247stiri.ro\/index.php\/2025\/03\/27\/hurezeanu-ar-putea-ramane-in-functie-dupa-discutia-de-maine-surse-un-nou-emisar-special-responsabil-de-relatia-cu-sua\/","title":{"rendered":"Hurezeanu ar putea r\u0103m\u00e2ne \u00een func\u021bie dup\u0103 discu\u021bia de m\u00e2ine. SURSE: Un nou emisar special, responsabil de rela\u021bia cu SUA"},"content":{"rendered":"<p>Din informa\u021biile Realitatea se ia \u00een calcul scenariul \u00een care Emil Hurezeanu s\u0103 \u00ee\u0219i p\u0103streze totu\u0219i func\u021bia de minstru de externe, dar s\u0103 \u00ee\u0219i piard\u0103 atribu\u021biile pe rela\u021bia extern\u0103 cu SUA. Aceast\u0103 responsabilitate ar putea fi preluat\u0103 de un emisar special trimis de Rom\u00e2nia \u00een SUA care s\u0103 p\u0103streze leg\u0103tura cu Administra\u021bia Trump. Se caut\u0103 cineva care s\u0103 aib\u0103 domiciliul acolo \u0219i s\u0103 aib\u0103 o rela\u021bie bun\u0103 cu administra\u021bia actuala a SUA.<\/p>\n<p>Vor exista m\u00e2ine discu\u021bii intre premierul Ciolacu \u0219i pre\u0219edintele interimar Bolojan pe aceast\u0103 tem\u0103.<\/p>\n<p>Ar trebui s\u0103 existe \u0219i o discu\u021bie cu Marco Rubio \u00eenainte de a se lua o decizie final\u0103 \u00een ceea ce prive\u0219te acest emisar care trebuie s\u0103 fie desemnat de \u021bara noastr\u0103.<\/p>\n<p>M\u00e2ine se decide dac\u0103 Emil Hurezeanu este primul ministru remaniat din cabinetul Ciolacu II.<\/p>\n<p>\u00a0<\/p>","protected":false},"excerpt":{"rendered":"<p>Din informa\u021biile Realitatea se ia \u00een calcul scenariul \u00een care Emil Hurezeanu s\u0103 \u00ee\u0219i p\u0103streze&hellip;<\/p>\n","protected":false},"author":0,"featured_media":43073,"comment_status":"open","ping_status":"open","sticky":false,"template":"","format":"standard","meta":{"footnotes":""},"categories":[2],"tags":[],"class_list":["post-43078","post","type-post","status-publish","format-standard","has-post-thumbnail","hentry","category-actual"],"_links":{"self":[{"href":"https:\/\/247stiri.ro\/index.php\/wp-json\/wp\/v2\/posts\/43078","targetHints":{"allow":["GET"]}}],"collection":[{"href":"https:\/\/247stiri.ro\/index.php\/wp-json\/wp\/v2\/posts"}],"about":[{"href":"https:\/\/247stiri.ro\/index.php\/wp-json\/wp\/v2\/types\/post"}],"replies":[{"embeddable":true,"href":"https:\/\/247stiri.ro\/index.php\/wp-json\/wp\/v2\/comments?post=43078"}],"version-history":[{"count":0,"href":"https:\/\/247stiri.ro\/index.php\/wp-json\/wp\/v2\/posts\/43078\/revisions"}],"wp:featuredmedia":[{"embeddable":true,"href":"https:\/\/247stiri.ro\/index.php\/wp-json\/wp\/v2\/media\/43073"}],"wp:attachment":[{"href":"https:\/\/247stiri.ro\/index.php\/wp-json\/wp\/v2\/media?parent=43078"}],"wp:term":[{"taxonomy":"category","embeddable":true,"href":"https:\/\/247stiri.ro\/index.php\/wp-json\/wp\/v2\/categories?post=43078"},{"taxonomy":"post_tag","embeddable":true,"href":"https:\/\/247stiri.ro\/index.php\/wp-json\/wp\/v2\/tags?post=43078"}],"curies":[{"name":"wp","href":"https:\/\/api.w.org\/{rel}","templated":true}]}}