{"id":43079,"date":"2025-03-27T13:44:51","date_gmt":"2025-03-27T13:44:51","guid":{"rendered":"https:\/\/247stiri.ro\/index.php\/2025\/03\/27\/comitet-de-urgenta-la-ministerul-mediului-dupa-codurile-portocalii-de-ploi-si-avertizarile-hidrologice\/"},"modified":"2025-03-27T13:44:51","modified_gmt":"2025-03-27T13:44:51","slug":"comitet-de-urgenta-la-ministerul-mediului-dupa-codurile-portocalii-de-ploi-si-avertizarile-hidrologice","status":"publish","type":"post","link":"https:\/\/247stiri.ro\/index.php\/2025\/03\/27\/comitet-de-urgenta-la-ministerul-mediului-dupa-codurile-portocalii-de-ploi-si-avertizarile-hidrologice\/","title":{"rendered":"Comitet de urgen\u021b\u0103 la Ministerul Mediului, dup\u0103 codurile portocalii de ploi \u0219i avertiz\u0103rile hidrologice"},"content":{"rendered":"<p>Ministrul Mircea Fechet a precizat c\u0103, de\u015fi ploile sunt a\u015fteptate \u00een zone unde exist\u0103 deficit de ap\u0103 \u00een sol, iar gradul de umplere al lacurilor este \u00eentre 60%-80%, autorit\u0103\u021bile locale \u0219i echipele de interven\u021bie trebuie s\u0103 fie preg\u0103tite de eventuale interven\u0163ii.<\/p>\n<p>Administra\u021bia Na\u021bional\u0103 de Meteorologie a emis joi, mai multe avertiz\u0103ri Cod galben \u0219i un Cod portocaliu de precipita\u021bii abundente \u0219i intensific\u0103ri ale v\u00e2ntului, valabile p\u00e2n\u0103 s\u00e2mb\u0103t\u0103.\u00a0<\/p>\n<p><a href=\"https:\/\/www.realitatea.net\/stiri\/actual\/alerta-anm-de-vreme-rea-in-romania-cod-portocaliu-si-galben-de-precipitatii-abundente-vant-puternic-si-ninsori-care-sunt-zonele-vizate_67e50cf0b7eba00aba28af32\" target=\"_blank\">Cod Portocaliu<\/a>: Ploi \u00eensemnate cantitativ \u0219i strat consistent de z\u0103pad\u0103 la munte<\/p>\n<p>\u00cen intervalul 28 martie, ora 10:00 &#8211; 29 martie, ora 12:00 va fi valabil un Cod Portocaliu de vreme rea. Jude\u021bele Mehedin\u021bi, Gorj \u0219i V\u00e2lcea, precum \u0219i zona montan\u0103 a jude\u021belor Cara\u0219-Severin, Hunedoara, Alba, Sibiu, Bra\u0219ov, Arge\u0219, D\u00e2mbovi\u021ba \u0219i Prahova se vor confrunta cu precipita\u021bii abundente. Cantit\u0103\u021bile de ap\u0103 vor ajunge la 50-70 l\/mp, iar \u00een nordul Olteniei se pot acumula peste 80-100 l\/mp. La altitudini de peste 2000 m, precipita\u021biile vor fi predominant sub form\u0103 de ninsoare, iar stratul de z\u0103pad\u0103 va fi consistent.<\/p>\n\n<p>\u00cen intervalul 28 martie, ora 03:00 \u2013 29 martie, ora 06:00, sudul Banatului, Oltenia, Muntenia \u0219i Dobrogea vor avea parte de intensific\u0103ri ale v\u00e2ntului, cu rafale de 50-70 km\/h. La peste 2000 m \u00een vestul Carpa\u021bilor Meridionali, v\u00e2ntul va sufla cu 75-90 km\/h \u0219i va provoca viscol.<\/p>\n<p>\u00a0<\/p>","protected":false},"excerpt":{"rendered":"<p>Ministrul Mircea Fechet a precizat c\u0103, de\u015fi ploile sunt a\u015fteptate \u00een zone unde exist\u0103 deficit&hellip;<\/p>\n","protected":false},"author":0,"featured_media":43080,"comment_status":"open","ping_status":"open","sticky":false,"template":"","format":"standard","meta":{"footnotes":""},"categories":[2],"tags":[],"class_list":["post-43079","post","type-post","status-publish","format-standard","has-post-thumbnail","hentry","category-actual"],"_links":{"self":[{"href":"https:\/\/247stiri.ro\/index.php\/wp-json\/wp\/v2\/posts\/43079","targetHints":{"allow":["GET"]}}],"collection":[{"href":"https:\/\/247stiri.ro\/index.php\/wp-json\/wp\/v2\/posts"}],"about":[{"href":"https:\/\/247stiri.ro\/index.php\/wp-json\/wp\/v2\/types\/post"}],"replies":[{"embeddable":true,"href":"https:\/\/247stiri.ro\/index.php\/wp-json\/wp\/v2\/comments?post=43079"}],"version-history":[{"count":0,"href":"https:\/\/247stiri.ro\/index.php\/wp-json\/wp\/v2\/posts\/43079\/revisions"}],"wp:featuredmedia":[{"embeddable":true,"href":"https:\/\/247stiri.ro\/index.php\/wp-json\/wp\/v2\/media\/43080"}],"wp:attachment":[{"href":"https:\/\/247stiri.ro\/index.php\/wp-json\/wp\/v2\/media?parent=43079"}],"wp:term":[{"taxonomy":"category","embeddable":true,"href":"https:\/\/247stiri.ro\/index.php\/wp-json\/wp\/v2\/categories?post=43079"},{"taxonomy":"post_tag","embeddable":true,"href":"https:\/\/247stiri.ro\/index.php\/wp-json\/wp\/v2\/tags?post=43079"}],"curies":[{"name":"wp","href":"https:\/\/api.w.org\/{rel}","templated":true}]}}