{"id":4309,"date":"2024-11-04T09:50:14","date_gmt":"2024-11-04T09:50:14","guid":{"rendered":"https:\/\/247stiri.ro\/index.php\/2024\/11\/04\/familie-din-cluj-terorizata-de-un-tanar-de-23-de-ani-individul-a-patruns-noaptea-in-curte-mascat-si-inarmat-si-a-distrus-mai-multe-bunuri\/"},"modified":"2024-11-04T09:50:14","modified_gmt":"2024-11-04T09:50:14","slug":"familie-din-cluj-terorizata-de-un-tanar-de-23-de-ani-individul-a-patruns-noaptea-in-curte-mascat-si-inarmat-si-a-distrus-mai-multe-bunuri","status":"publish","type":"post","link":"https:\/\/247stiri.ro\/index.php\/2024\/11\/04\/familie-din-cluj-terorizata-de-un-tanar-de-23-de-ani-individul-a-patruns-noaptea-in-curte-mascat-si-inarmat-si-a-distrus-mai-multe-bunuri\/","title":{"rendered":"Familie din Cluj, terorizat\u0103 de un t\u00e2n\u0103r de 23 de ani. Individul a p\u0103truns noaptea \u00een curte mascat \u0219i \u00eenarmat \u0219i a distrus mai multe bunuri"},"content":{"rendered":"<p>Incidentul \u0219ocant a avut loc \u00een noaptea de 2 spre 3 noiembrie, \u00een comuna Negreni, din jude\u021bul Cluj. T\u00e2n\u0103rul de 23 de ani a p\u0103truns mascat \u0219i purt\u00e2nd m\u0103nu\u0219i \u00een curtea unei femei de 43 de ani, distrug\u00e2nd mai multe bunuri \u0219i produc\u00e2nd pagube considerabile, relateaz\u0103 \u0218tiri de Cluj.<\/p>\n<p>Totul a \u00eenceput \u00een jurul orei 01:30, c\u00e2nd individul a t\u0103iat cablurile de semnal ale sistemului de supraveghere din incinta unui salon de \u00eenfrumuse\u021bare aflat pe proprietatea femeii. Apoi, \u00een mod inexplicabil, a desumflat anvelopele unei ma\u0219ini parcate acolo \u0219i a deteriorat componentele sistemului de fr\u00e2nare, provoc\u00e2nd daune estimate la aproximativ 25.000 de lei, transmite poli\u021bia.<\/p>\n<p><a href=\"https:\/\/www.realitatea.net\/stiri\/actual\/act-de-vandalism-bizar-in-bucuresti-numeroase-autoturisme-scrijelite-cu-mesajul-nu-am-fost-aici_66fe62cf236e7a7be2736000#google_vignette\" target=\"_blank\" rel=\"noopener\">Act de vandalism bizar. Mesajul zg\u00e2riat pe mai multe ma\u0219ini \u00een Bucure\u0219ti, l\u00e2ng\u0103 Palatul Copiilor &#8211; ce spune Poli\u021bia<\/a><\/p>\n<p>Cu c\u00e2teva ore mai devreme \u00eens\u0103, \u00een aceea\u0219i sear\u0103, t\u00e2n\u0103rul a trimis mesaje de amenin\u021bare fiicei femeii, o t\u00e2n\u0103r\u0103 de 19 ani, &#8222;printr-o aplica\u021bie de mesagerie, f\u0103c\u00e2nd-o s\u0103 se simt\u0103 \u00eensp\u0103im\u00e2ntat\u0103 pentru siguran\u021ba ei \u0219i a familiei&#8221;.<\/p>\n<p>Poli\u021bi\u0219tii au fost sesiza\u021bi de familia p\u0103gubit\u0103 de t\u00e2n\u0103r. Acesta a fost re\u021binut pentru 24 de ore \u0219i s-a ales \u0219i cu un ordin de protec\u021bie provizoriu.<\/p>\n\n<p>Conform acestui ordin, agresorul trebuie s\u0103 p\u0103streze o distan\u021b\u0103 de cel pu\u021bin 200 de metri fa\u021b\u0103 de t\u00e2n\u0103ra de 19 ani \u0219i de domiciliul acesteia. Mai mult dec\u00e2t at\u00e2t, el va purta un dispozitiv electronic de monitorizare pe \u00eentreaga durat\u0103 a ordinului.<\/p>\n<p>O anchet\u0103 este \u00een plin\u0103 desf\u0103\u0219urare.\u00a0<\/p>\n<p><a href=\"https:\/\/www.realitatea.net\/stiri\/actual\/barbat-surpris-de-camerele-video-in-timp-ce-vandaliza-o-casuta-cu-carti-dintrun-parc-din-sectorul-6-reactia-primarie-foto_6501a608ae40192f7007fd85\" target=\"_blank\" rel=\"noopener\">B\u0103rbat surpris de camerele video \u00een timp ce vandaliza o c\u0103sut\u0103 cu c\u0103r\u0163i dintr-un parc din Sectorul 6. Reac\u021bia Prim\u0103rie &#8211; FOTO<\/a><\/p>","protected":false},"excerpt":{"rendered":"<p>Incidentul \u0219ocant a avut loc \u00een noaptea de 2 spre 3 noiembrie, \u00een comuna Negreni,&hellip;<\/p>\n","protected":false},"author":0,"featured_media":4310,"comment_status":"open","ping_status":"open","sticky":false,"template":"","format":"standard","meta":{"footnotes":""},"categories":[2],"tags":[],"class_list":["post-4309","post","type-post","status-publish","format-standard","has-post-thumbnail","hentry","category-actual"],"_links":{"self":[{"href":"https:\/\/247stiri.ro\/index.php\/wp-json\/wp\/v2\/posts\/4309","targetHints":{"allow":["GET"]}}],"collection":[{"href":"https:\/\/247stiri.ro\/index.php\/wp-json\/wp\/v2\/posts"}],"about":[{"href":"https:\/\/247stiri.ro\/index.php\/wp-json\/wp\/v2\/types\/post"}],"replies":[{"embeddable":true,"href":"https:\/\/247stiri.ro\/index.php\/wp-json\/wp\/v2\/comments?post=4309"}],"version-history":[{"count":0,"href":"https:\/\/247stiri.ro\/index.php\/wp-json\/wp\/v2\/posts\/4309\/revisions"}],"wp:featuredmedia":[{"embeddable":true,"href":"https:\/\/247stiri.ro\/index.php\/wp-json\/wp\/v2\/media\/4310"}],"wp:attachment":[{"href":"https:\/\/247stiri.ro\/index.php\/wp-json\/wp\/v2\/media?parent=4309"}],"wp:term":[{"taxonomy":"category","embeddable":true,"href":"https:\/\/247stiri.ro\/index.php\/wp-json\/wp\/v2\/categories?post=4309"},{"taxonomy":"post_tag","embeddable":true,"href":"https:\/\/247stiri.ro\/index.php\/wp-json\/wp\/v2\/tags?post=4309"}],"curies":[{"name":"wp","href":"https:\/\/api.w.org\/{rel}","templated":true}]}}