{"id":43099,"date":"2025-03-27T14:46:33","date_gmt":"2025-03-27T14:46:33","guid":{"rendered":"https:\/\/247stiri.ro\/index.php\/2025\/03\/27\/george-simion-avertisment-de-la-summitul-conservatorilor-nu-simtim-nevoia-unei-armate-europene-nu-credem-ca-este-viabila-aceasta-formula\/"},"modified":"2025-03-27T14:46:33","modified_gmt":"2025-03-27T14:46:33","slug":"george-simion-avertisment-de-la-summitul-conservatorilor-nu-simtim-nevoia-unei-armate-europene-nu-credem-ca-este-viabila-aceasta-formula","status":"publish","type":"post","link":"https:\/\/247stiri.ro\/index.php\/2025\/03\/27\/george-simion-avertisment-de-la-summitul-conservatorilor-nu-simtim-nevoia-unei-armate-europene-nu-credem-ca-este-viabila-aceasta-formula\/","title":{"rendered":"George Simion, avertisment de la summitul conservatorilor: Nu sim\u021bim nevoia unei armate europene, nu credem c\u0103 este viabil\u0103 aceast\u0103 formul\u0103"},"content":{"rendered":"<p>Realitatea Plus: Bolojan ne anun\u021b\u0103 de la Paris c\u0103 Rom\u00e2nia va asigura securitatea la Marea Neagr\u0103 cu drone. Este o declara\u021bie care ne spune doar jum\u0103tate de adev\u0103r? A luat oare cumva Bolojan ordinul de a trage Rom\u00e2nia \u00eentr-un conflict cu Rusia?<\/p>\n<p>George Simion: O foarte bun\u0103 \u00eentrebare, pentru c\u0103 \u00eenc\u0103 de diminea\u021b\u0103 i-am cerut public domnului Bolojan s\u0103 nu \u00ee\u0219i asume trimiterea de trupe, nici m\u0103car trupe de men\u021binere a p\u0103cii sau de armament \u00een Ucraina, s\u0103 nu \u00ee\u0219i asume implicarea Rom\u00e2niei \u00eentr-un r\u0103zboi \u00eentruc\u00e2t nu are prerogativele constitu\u021bionale pentru a face acest lucru. Este un pre\u0219edinte interimar, are nevoie de acordul parlamentului.<\/p>\n<p>Au fost unii din presa miluit\u0103 care m-au acuzat c\u0103 dezinformez \u0219i c\u0103 domnul Bolojan deja a spus c\u0103 nu va trimite armament, nu va trimite trupe. Informa\u021biile noastre sunt altele.<\/p>\n<p><a title=\"George Simion, mesaj de ultima ora pentru Calin Georgescu. Ce i-a transmis liderul AUR\" href=\"https:\/\/www.realitatea.net\/stiri\/actual\/george-simion-mesaj-de-ultima-ora-pentru-calin-georgescu-ce-ia-transmis-liderul-aur_67e3abfa3ac4db23d062e202\">George Simion, mesaj de ultim\u0103 or\u0103 pentru C\u0103lin Georgescu. Ce i-a transmis liderul AUR<\/a><\/p>\n<p>Noi suntem al\u0103turi de 45 de lideri europeni, britanici, americani \u00een aceste zile la Cluj unde are loc un eveniment \u00een cadrul c\u0103ruia discut\u0103m despre aceste teme \u0219i nevoia unora de a se b\u0103ga efectiv \u00een seam\u0103, aceasta este sintagma, pentru c\u0103 la acest moment negocierile pentru un armisti\u021biu \u0219i negocierile pentru pace se poart\u0103 prin intermediul, le place unora sau nu, celei mai importante \u021b\u0103ri din lume, prin intermediul Statelor Unite.<\/p>\n<p>Nu sim\u021bim nevoia unei armate europene, nu credem c\u0103 este viabil\u0103 aceast\u0103 formul\u0103, credem \u00eentr-o formul\u0103 care a adus efecte \u0219i a func\u021bionat dup\u0103 al doilea r\u0103zboi mondial \u00eencoace, formula pax americana, formula prin care reu\u0219im prin intermediul NATO, care trebuie s\u0103 r\u0103m\u00e2n\u0103 o alian\u021b\u0103 defensiv\u0103, s\u0103 nu intr\u0103m \u00een conflicte.<\/p>\n<p>Ast\u0103zi este 27 martie, aduc aminte c\u0103 este ziua unirii Basarabiei cu \u021bara. \u00cen 1918, sfatul \u021b\u0103rii de la Chi\u0219in\u0103u a votat cu o majoritate cov\u00e2r\u0219itoare unirea Basarabiei cu \u021bara. Din p\u0103cate, \u021bara noastr\u0103 a fost afectat\u0103 de rupturi teritoriale mai ales prin prisma pactului Ribbentrop-Molotov, am pierdut teritorii \u00eentr-un mod \u00een care s-ar putea s\u0103 fie obliga\u021bi \u0219i ucrainenii s\u0103 fac\u0103 \u00een acest moment, nu dorim niciunei \u021b\u0103ri s\u0103 fie obligat\u0103 s\u0103 cedeze propria suveranitate na\u021bional\u0103 \u0219i integritate teritorial\u0103, \u00een\u021belegem \u00eens\u0103 c\u0103 nu duce nic\u0103ieri continuarea \u0219i escaladarea actualului conflict \u0219i ne dorim ca Rom\u00e2nia, parte a alian\u021belor din care face parte, o alian\u021b\u0103 economic\u0103, Uniunea European\u0103, un spa\u021biu economic comun, \u0219i o alian\u021b\u0103 militar\u0103 defensiv\u0103, aici vorbim despre NATO, s\u0103-\u0219i aduc\u0103 aportul la pacea mondial\u0103, de aceea escaladarea conflictului \u0219i implicarea \u00een r\u0103zboaie care nu ne apar\u021bin, \u0219i mai ales un pre\u0219edinte interimar care ascult\u0103 ordine din partea Fran\u021bei nu cred c\u0103 este solu\u021bia.<\/p>\n<p>De aceea \u00eei reamintesc \u0219i prin intermediul dumneavoastr\u0103 domnului Bolojan c\u0103 este un pre\u0219edinte interimar, \u0219i c\u0103 voin\u021ba poporului rom\u00e2n este de a milita pentru pace, pentru democra\u021bie, pentru lini\u0219te \u0219i pentru a asigura prosperitate. Cu aceste provoc\u0103ri ne confrunt\u0103m \u00een acest moment, nu trebuie noi s\u0103 ne ag\u0103\u021b\u0103m de un conflict \u0219i de cei care \u00ee\u0219i doresc escaladarea conflictului \u0219i transformarea \u00een unul mondial.<\/p>\n<p>Realitatea Plus: Apropo de conflicte, \u0219i o s\u0103 ne \u00eentoarcem pu\u021bin la ziua de ieri, la un moment dat ce s-a \u00eent\u00e2mplat aici \u00een Bucure\u0219ti a fost zugr\u0103vit de unele televiziuni drept un mare fiasco. Faptul c\u0103 domnul Georgescu nu a venit al\u0103turi de dumneavoastr\u0103, ba mai mult dec\u00e2t unele televiziuni au filmat r\u0103zle\u021b \u0219i au zis c\u0103 trei huligani au fost acolo. Ei bine, C\u0103lin Georgescu a dat publicit\u0103\u021bii un mesaj. Mesajul acesta are o conota\u021bie mai mult de mul\u021bumire?<\/p>\n<p>George Simion: Noi am anun\u021bat opinia public\u0103 \u00eenainte de ieri c\u0103 domnul Georgescu nu va participa la aceste manifesta\u021bii, ar fi fost \u0219i nefiresc s\u0103 o fac\u0103. Manifesta\u021biile au pornit de la ini\u021biativa unor cet\u0103\u021beni, utilizatori ai re\u021belelor de socializare, sigur c\u0103 suntem \u00een permanen\u021b\u0103 leg\u0103tur\u0103 cu domnul Georgescu \u0219i sigur c\u0103 omul acesta, fa\u021b\u0103 de ceea ce am avut la conducerea \u021b\u0103rii, este un adev\u0103rat lider care a \u0219tiut s\u0103 mul\u021bumeasc\u0103, \u0219i care reprezint\u0103 trezirea \u00een con\u0219tiin\u021b\u0103. Sigur c\u0103 sunt unii care speculeaz\u0103 diferite aspecte.<\/p>\n<p><a title=\"Suveranistii europeni s-au reunit in Romania: decizii cruciale. Simion: Suntem mai aproape ca niciodata ca Romania sa fie libera, ca Romania sa fie suverana\" href=\"https:\/\/www.realitatea.net\/stiri\/politica\/suveranistii-europeni-sau-reunit-in-romania-decizii-cruciale-simion-suntem-mai-aproape-ca-niciodata-ca-romania-sa-fie-libera-ca-romania-sa-fie-suverana_67e4f914c054b5008125729a\">Suverani\u0219tii europeni s-au reunit \u00een Rom\u00e2nia: decizii cruciale. Simion: Suntem mai aproape ca niciodat\u0103 ca Rom\u00e2nia s\u0103 fie liber\u0103, ca Rom\u00e2nia s\u0103 fie suveran\u0103<\/a><\/p>\n<p>\u00cei invit pe detractorii de serviciu s\u0103 transpuna num\u0103rul de participan\u021bi de la manifesta\u021bia lor organizat\u0103 prin intermediul unor diferite ONG-uri \u0219i re\u021bele \u0219i s\u0103 compare cu num\u0103rul de participan\u021bi de ieri \u0219i o s\u0103 vad\u0103 c\u0103 totu\u0219i num\u0103rul este de partea noastr\u0103 \u0219i c\u0103 vocea poporului rom\u00e2n r\u0103m\u00e2ne o voce puternic\u0103 care s-a auzit \u0219i ieri.<\/p>\n<p>Realitatea Plus: Este un fenomen care s-a \u00eent\u00e2mplat ieri, pe care l-a\u0219 titra cu majuscule: Cenzura institu\u021bional\u0103 \u2013 m\u0103 refer la scoaterea de pe internet a unor libert\u0103\u021bi de exprimare, a unor jurnali\u0219ti, cum ar fi Marius \u021auca. Vreau s\u0103 v\u0103 \u00eentreb cum ne protej\u0103m de aceast\u0103 cenzur\u0103 institu\u021bional\u0103.<\/p>\n<p>George Simion: Este deja ceea ce au \u00eenceput. Ei au institutionalizat poli\u021bia g\u00e2ndirii. De zile bune primim semnale din partea unor influenceri celebri. Acesta este planul lor, am v\u0103zut \u0219i afirma\u021biile doamnei Lasconi, s\u0103 fie \u00eenchis TikTok, s\u0103 fie \u00eenchise re\u021belele de socializare. Sigur c\u0103 poate nu le vor face direct, ci vor \u0219terge toate post\u0103rile incomode f\u0103r\u0103 a oferi explica\u021bii. Este un fenomen, ne aducem aminte c\u0103 \u0219i maestrul Cristoiu, \u00een urma cu doi ani a fost victima unor astfel de abuzuri. CNA, prin fostul purt\u0103tor de cuv\u00e2nt al Patriarhiei, un om care nu \u00eent\u00e2mpl\u0103tor a fost destituit din aceast\u0103 pozi\u021bie, \u0219i prin al\u021bi oameni care \u00ee\u0219i aroga adev\u0103rul \u00een numele poporului rom\u00e2n, f\u0103r\u0103 a respecta legea, vor \u00eencerca \u00een perioada de campanie s\u0103 pun\u0103 pumnul \u00een gura opozi\u021biei \u0219i s\u0103 cenzureze re\u021belele de socializare.<\/p>\n<p>Trag un semnal de alarm\u0103 c\u0103 este un precedent periculos. Vom avea mo\u021biunea simpl\u0103 \u00eempotriva ministrului Predoiu c\u0103 poli\u021bia politic\u0103 nu este o practic\u0103 uzual\u0103 \u00eentr-o democra\u021bie \u00een anul 2025, inclusiv ce s-a \u00eent\u00e2mplat lui Bogdan Peschir, lui Adrian Niculescu, altor influenceri, nu este normal, sunt mul\u021bi oameni care au fost aresta\u021bi abuziv f\u0103r\u0103 a se respecta procedurile.<\/p>\n<p>Vreau s\u0103 anun\u021b opinia public\u0103 faptul c\u0103 avoca\u021bii AUR, inclusiv avoca\u021bii implica\u021bi \u00een echipa domnului Georgescu, vor fi al\u0103turi de cei care sunt victime ale acestor abuzuri. Fiecare cet\u0103\u021bean rom\u00e2n este nevinovat p\u00e2n\u0103 la proba contrarie \u0219i fiecare cet\u0103\u021bean rom\u00e2n merit\u0103 s\u0103 aib\u0103 parte de un proces echitabil. A\u0219a c\u0103 toate aceste forme de intimidare, cenzura pe re\u021belele de socializare, procurori, poli\u021bi\u0219ti, comportament abuziv, vor avea un r\u0103spuns din partea noastr\u0103, cei care insist\u0103, \u0219i vom insista p\u00e2n\u0103 la cap\u0103t s\u0103 r\u0103m\u00e2n\u0103 democra\u021bi.<\/p>\n<p><a title='George Simion, presedintele AUR: \"Abuzurile CNA asupra libertatii de exprimare: cenzura in Romania merge mai departe\"' href=\"https:\/\/www.realitatea.net\/stiri\/actual\/george-simion-presedintele-aur-abuzurile-cna-asupra-libertatii-de-exprimare-cenzura-in-romania-merge-mai-departe_67e5256cdab4e406f66e5ac2\">George Simion, pre\u0219edintele AUR: \u201dAbuzurile CNA asupra libert\u0103\u021bii de exprimare: cenzura \u00een Rom\u00e2nia merge mai departe\u201d<\/a><\/p>","protected":false},"excerpt":{"rendered":"<p>Realitatea Plus: Bolojan ne anun\u021b\u0103 de la Paris c\u0103 Rom\u00e2nia va asigura securitatea la Marea&hellip;<\/p>\n","protected":false},"author":0,"featured_media":43090,"comment_status":"open","ping_status":"open","sticky":false,"template":"","format":"standard","meta":{"footnotes":""},"categories":[2],"tags":[],"class_list":["post-43099","post","type-post","status-publish","format-standard","has-post-thumbnail","hentry","category-actual"],"_links":{"self":[{"href":"https:\/\/247stiri.ro\/index.php\/wp-json\/wp\/v2\/posts\/43099","targetHints":{"allow":["GET"]}}],"collection":[{"href":"https:\/\/247stiri.ro\/index.php\/wp-json\/wp\/v2\/posts"}],"about":[{"href":"https:\/\/247stiri.ro\/index.php\/wp-json\/wp\/v2\/types\/post"}],"replies":[{"embeddable":true,"href":"https:\/\/247stiri.ro\/index.php\/wp-json\/wp\/v2\/comments?post=43099"}],"version-history":[{"count":0,"href":"https:\/\/247stiri.ro\/index.php\/wp-json\/wp\/v2\/posts\/43099\/revisions"}],"wp:featuredmedia":[{"embeddable":true,"href":"https:\/\/247stiri.ro\/index.php\/wp-json\/wp\/v2\/media\/43090"}],"wp:attachment":[{"href":"https:\/\/247stiri.ro\/index.php\/wp-json\/wp\/v2\/media?parent=43099"}],"wp:term":[{"taxonomy":"category","embeddable":true,"href":"https:\/\/247stiri.ro\/index.php\/wp-json\/wp\/v2\/categories?post=43099"},{"taxonomy":"post_tag","embeddable":true,"href":"https:\/\/247stiri.ro\/index.php\/wp-json\/wp\/v2\/tags?post=43099"}],"curies":[{"name":"wp","href":"https:\/\/api.w.org\/{rel}","templated":true}]}}