{"id":43105,"date":"2025-03-27T14:46:35","date_gmt":"2025-03-27T14:46:35","guid":{"rendered":"https:\/\/247stiri.ro\/index.php\/2025\/03\/27\/bolojan-dupa-reuniunea-de-la-paris-vom-participa-la-grupul-de-lucru-pentru-monitorizarea-acordulului-de-incetare-a-focului-la-marea-neagra\/"},"modified":"2025-03-27T14:46:35","modified_gmt":"2025-03-27T14:46:35","slug":"bolojan-dupa-reuniunea-de-la-paris-vom-participa-la-grupul-de-lucru-pentru-monitorizarea-acordulului-de-incetare-a-focului-la-marea-neagra","status":"publish","type":"post","link":"https:\/\/247stiri.ro\/index.php\/2025\/03\/27\/bolojan-dupa-reuniunea-de-la-paris-vom-participa-la-grupul-de-lucru-pentru-monitorizarea-acordulului-de-incetare-a-focului-la-marea-neagra\/","title":{"rendered":"Bolojan, dup\u0103 Reuniunea de la Paris: Vom participa la grupul de lucru pentru monitorizarea acordulului de \u00eencetare a focului la Marea Neagr\u0103"},"content":{"rendered":"<p>\u201eDe aproximativ o jum\u0103tate de or\u0103 s-a finalizat reuniunea pentru pace \u0219i securitate. Au participat 31 de state \u0219i reprezentan\u021bii NATO \u0219i UE.<\/p>\n<p>Primul punct a fost acordul de \u00eencetare a focului la Marea Neagr\u0103. \u021a\u0103rile prezente salut\u0103 ajungerea la acest acord dar constat\u0103m c\u0103 Ucraina a fost de acord ca acest acord s\u0103 fie extins \u0219i terestru \u0219i aerian \u0219i nu s-a ajuns la acest acord. Rusia nu a acceptat aceste condi\u021bii \u0219i practic teoria c\u0103 unii vor pace \u0219i al\u021bii vor r\u0103zboi a fost infirmat\u0103.<\/p>\n<p>\u021a\u0103rile au convenit s\u0103 men\u021bin\u0103 sprijinul pentru Ucraina \u0219i \u00eent\u0103rirea flancului estic.<\/p>\n<p>Se va forma un grup de lucru pentru a coopera \u00een vederea monitoriz\u0103rii respect\u0103rii acestei \u00een\u021belegeri. \u00centruc\u00e2t \u00een\u021belegerea se refer\u0103 la Marea Neagr\u0103, Rom\u00e2nia va participa la acest grup de lucru.\u00a0Prin infrastructura pe care o are \u2013 radare, drone, poli\u021bia aerian\u0103 \u2013 vom colabora astfel \u00eenc\u00e2t acest acord s\u0103 fie respectat.<\/p>\n<p>Un punct important a fost asigurarea sprijinului pentru Ucraina.<\/p>\n<p>Rom\u00e2nia are un interes strategic s\u0103 sus\u021bin\u0103 Ucraina pentru c\u0103 practic ucrainenii \u021bin pericolul la distan\u021b\u0103.<\/p>\n<p>Orice situa\u021bie \u00een care Ucraina are o c\u0103dere ar \u00eensemna o \u00eenaintare spre Vest pe care Europa \u0219i Rom\u00e2nia nu o doresc.<\/p>\n<p>Un alt punct a fost coordonarea cu SUA \u00een asigurarea p\u0103cii \u00een Ucraina.<\/p>\n<p>Aceast\u0103 coordonare este foarte important\u0103 pentru c\u0103 \u021bine de ce se \u00eent\u00e2mpl\u0103 p\u00e2n\u0103 la ajungerea la un acord de pace, men\u021binerea sanc\u021biunilor, \u0219i m\u0103surile post ajungere la un acord, astfel \u00eenc\u00e2t s\u0103 existe garan\u021bii suficient de puternice.<\/p>\n<p>Acest acord nu e doar o faz\u0103 temporar\u0103 \u00eentre dou\u0103 r\u0103zboaie, ci o pace robust\u0103.<\/p>\n<p>Un alt subiect discutat se refer\u0103 la for\u021bele de garantare a p\u0103cii.<\/p>\n<p>Rom\u00e2nia nu va trimite niciun militar rom\u00e2n \u00een Ucraina.<\/p>\n<p>Ipotetic, dac\u0103 se ajunge la un acord de pace, s-a discutat despre posibilitatea unui plan care s\u0103 asigure o garan\u021bie. Aceste for\u021be ar putea fi amplasate pe flancul de est.<\/p>\n<p>Vom participa ca \u021bar\u0103 de tranzit, de hub, la aceste discu\u021bii astfel \u00eenc\u00e2t statul major s\u0103 \u0219tie care sunt aceste planuri.<\/p>\n<p>S-a discutat \u00eembun\u0103t\u0103\u021birea industriei de ap\u0103rare \u0219i cre\u0219terea capabilit\u0103\u021bilor militare. Am f\u0103cut un grup de lucru la nivelul Rom\u00e2niei, a fost o prim\u0103 \u00eent\u00e2lnire \u00een aceast\u0103 s\u0103pt\u0103m\u00e2n\u0103 pentru a preg\u0103ti priorit\u0103\u021bile noastre, s\u0103 vedem ce capacit\u0103\u021bi putem integra \u00een lan\u021bul valoric al industriei integrate. Din ceea ce vom achizi\u021biona \u00een plan militar, dorim s\u0103 se produc\u0103 un num\u0103r c\u00e2t mai mare din componentele pe care le vom achizi\u021biona.<\/p>\n<p>Concluzia reuniunii a fost de ac\u021biune unitar\u0103, angajament pe securitate \u0219i coordonare cu SUA.\u201d, a declarat Ilie Bolojan.<\/p>\n<p>Declara\u021bia integral\u0103 al lui Ilie Bolojan<\/p>\n<p>&#8222;A\u0219a cum \u0219ti\u021bi, de aproximativ o jum\u0103tate de or\u0103 s-a finalizat reuniunea pentru pace \u0219i securitate, convocat\u0103 \u00een vederea construirii unei p\u0103ci robuste pentru Ucraina \u0219i Europa. Au participat 31 de state \u0219i reprezentan\u021bii NATO \u0219i ai Uniunii Europene. \u00cen continuare o s\u0103 prezint punctele principale care au fost abordate la aceast\u0103 reuniune.<\/p>\n<p>Primul dintre ele a fost acordul de \u00eencetare a focului la Marea Neagr\u0103, acordul de 30 de zile. \u021a\u0103rile prezente salut\u0103 ajungerea la acest acord, dar constat\u0103m c\u0103 Ucraina a fost de acord ca acest acord s\u0103 fie extins nu doar la naviga\u021bia pe Marea Neagr\u0103, ci at\u00e2t terestru, c\u00e2t \u0219i aerian, \u0219i, din p\u0103cate, nu s-a ajuns la un astfel de acord. \u0218i, a\u0219a cum se vede atunci c\u00e2nd apare o prob\u0103 care nu poate fi contestat\u0103, Rusia nu a acceptat aceste condi\u021bii \u0219i, practic, teoria c\u0103 unii vor pace \u0219i al\u021bii vor r\u0103zboi a fost infirmat\u0103 prin ceea ce s-a \u00eent\u00e2mplat \u00een aceste negocieri. \u0218i, din acest punct de vedere, \u021b\u0103rile prezente au convenit s\u0103 sus\u021bin\u0103 \u00een continuare sprijinul pentru Ucraina \u0219i \u00eent\u0103rirea Flancului Estic.<\/p>\n<p>\u00cen ceea ce prive\u0219te partea de monitorizare privind acest armisti\u021biu de 30 de zile la care s-a ajuns, urmeaz\u0103 s\u0103 se formeze un grup de lucru pentru a coopera \u00een vederea monitoriz\u0103rii respect\u0103rii acestei \u00een\u021belegeri.\u00cen acest sens, \u00eentruc\u00e2t \u00een\u021belegerea se refer\u0103 la Marea Neagr\u0103, o zon\u0103 care este strategic\u0103 pentru Rom\u00e2nia, pentru c\u0103 avem investi\u021bii importante, pentru c\u0103 o bun\u0103 parte din exporturile noastre se fac pe zona de naval, pentru c\u0103 portul Constan\u021ba este cel mai important port la Marea Neagr\u0103, Rom\u00e2nia va participa la acest grup de lucru \u0219i, prin infrastructura pe care o are, radare, drone, poli\u021bia aerian\u0103, dar \u0219i colaborarea cu Turcia \u0219i Bulgaria pe partea de deminare, vom colabora \u00een a\u0219a fel \u00eenc\u00e2t acest acord s\u0103 fie respectat, pentru c\u0103 o zon\u0103 sigur\u0103 la Marea Neagr\u0103, care garanteaz\u0103 naviga\u021bia pentru toate navele, este un lucru bun pentru comer\u021bul \u0219i pentru dezvoltarea \u00een aceast\u0103 zon\u0103.<\/p>\n<p>A\u0219a cum v-am spus, un punct important a fost asigurarea sprijinului \u00een continuare pentru Ucraina \u0219i pentru \u00eent\u0103rirea Flancului Estic. Rom\u00e2nia are un interes strategic s\u0103 sus\u021bin\u0103 \u00een continuare Ucraina, pentru c\u0103, f\u0103r\u0103 o astfel de sus\u021binere, exist\u0103 riscul de c\u0103dere a frontului \u0219i, practic, ucrainenii, prin ceea ce fac, ap\u0103r\u00e2ndu-\u0219i cet\u0103\u021benii \u0219i teritoriul, \u021bin pericolul la distan\u021b\u0103.<\/p>\n<p>Orice fel de situa\u021bie \u00een care Ucraina are o c\u0103dere ar \u00eensemna complica\u021bii importante \u0219i o \u00eenaintare \u00eenspre zona de vest, pe care nici Europa, \u0219i nici Rom\u00e2nia nu \u0219i-o doresc. \u00cen acest sens, ajutoarele care au fost stabilite la Consiliul de s\u0103pt\u0103m\u00e2na trecut\u0103 vor fi asigurate \u00een continuare \u0219i se va colabora pentru \u00eent\u0103rirea Flancului Estic.<\/p>\n<p>Un alt punct important a fost coordonarea \u00eempreun\u0103 cu Statele Unite ale Americii \u00een problemele care \u021bin de asigurarea p\u0103cii \u00een Ucraina. Asta \u00eenseamn\u0103 c\u0103 aceast\u0103 coordonare este foarte important\u0103, pentru c\u0103 ea \u021bine at\u00e2t de ceea ce se \u00eent\u00e2mpl\u0103 p\u00e2n\u0103 la ajungerea la un acord de pace, men\u021binerea sanc\u021biunilor, care este o chestiune important\u0103, \u0219i pe care \u021b\u0103rile care au fost azi prezente doresc s\u0103 le men\u021bin\u0103 \u00een continuare ca un factor de descurajare a Rusiei, \u0219i, de asemenea, m\u0103surile post-ajungere la un acord, m\u0103surile asigur\u0103torii, \u00een a\u0219a fel \u00eenc\u00e2t s\u0103 existe garan\u021bii suficient de puternice, pentru c\u0103 acest acord nu este doar o faz\u0103 temporar\u0103 \u00eentre dou\u0103 r\u0103zboaie, este o pace robust\u0103 care asigur\u0103 at\u00e2t Ucraina, c\u00e2t \u0219i Europa.<\/p>\n<p>Un alt subiect care a fost discutat se refer\u0103 la for\u021bele de garantare a p\u0103cii \u0219i, din acest punct de vedere, a\u0219a cum am mai spus, Rom\u00e2nia nu va trimite, \u0219i-a anun\u021bat aceast\u0103 chestiune c\u00e2t se poate de clar, niciun militar rom\u00e2n \u00een Ucraina. Dar, \u00eentr-o situa\u021bie ipotetic\u0103 \u00een care se ajunge la un acord de pace, s-a discutat despre posibilitatea unui plan, a unei analize, privind de for\u021bele care ar putea s\u0103 asigure o astfel de garan\u021bie. Aceste for\u021be nu ar ajunge sub nicio form\u0103 \u00een zona liniei de front, ar putea fi localizate sau pe Flancul de Est, sau la o distan\u021b\u0103 mare de front pe teritoriul Ucrainei. \u0218i oricum, tranzitarea acestor for\u021be nu se va putea face dec\u00e2t \u0219i prin Rom\u00e2nia, cel pu\u021bin cele prin zona de sud. Din acest punct de vedere vom participa ca \u021bar\u0103 de tranzit, de hub, la aceste discu\u021bii, \u00een a\u0219a fel \u00eenc\u00e2t Statul Major s\u0103 \u0219tie la care ar putea fi aceste planuri, pentru c\u0103, dac\u0103 se ajunge \u00eentr-o astfel de ipotez\u0103, s\u0103 putem fi preg\u0103ti\u021bi cu partea de infrastructur\u0103 logistic\u0103.<\/p>\n<p>Un alt lucru pe care \u021b\u0103rile l-au abordat la aceast\u0103 \u00eent\u00e2lnire a fost \u00eembun\u0103t\u0103\u021birea industriei de ap\u0103rare european\u0103 \u0219i cre\u0219terea capabilit\u0103\u021bilor militare. \u0218i, \u00een acest sens, practic, a fost o continuare a discu\u021biilor de s\u0103pt\u0103m\u00e2na trecut\u0103 de la Consiliul European.<\/p>\n<p>Noi am f\u0103cut un grup de lucru la nivelul \u021b\u0103rii noastre. A fost o prim\u0103 \u00eent\u00e2lnire \u00een aceast\u0103 s\u0103pt\u0103m\u00e2n\u0103. La acest grup de lucru particip\u0103 reprezentan\u021bii ministerelor care au responsabilitate \u00een domeniul industriei de ap\u0103rare, Ministerul Economiei, de exemplu, Guvernul, Ministerul Ap\u0103r\u0103rii, \u00een a\u0219a fel \u00eenc\u00e2t s\u0103 preg\u0103tim priorit\u0103\u021bile noastre, s\u0103 vedem care sunt capacit\u0103\u021bile industriale pe care le putem integra \u00een lan\u021bul valoric al industriei de ap\u0103rare, s\u0103 vedem care este disponibilitatea inclusiv din partea companiilor private, pentru c\u0103 avem \u0219i acest domeniu \u00een Rom\u00e2nia de a intra \u00een astfel de proiecte, \u00een a\u0219a fel \u00eenc\u00e2t pe teritoriul \u021b\u0103rii noastre, din ceea ce vom achizi\u021biona \u00een plan militar pentru a cre\u0219te capacitatea de ap\u0103rare a Rom\u00e2niei, s\u0103 se produc\u0103 un num\u0103r c\u00e2t mai mare din componentele pe care le vom achizi\u021biona, pentru c\u0103 asta \u00eenseamn\u0103 investi\u021bii \u00een economia rom\u00e2neasc\u0103, \u00eenseamn\u0103 locuri de munc\u0103 \u0219i transfer de tehnologie.<\/p>\n<p>Concluzia reuniunii de ast\u0103zi a fost cea de ac\u021biune unitar\u0103, de angajament pe securitate \u0219i de ac\u021biune coordonat\u0103 \u00eempreun\u0103 cu Statele Unite ale Americii. Acestea au fost principalele elemente de la reuniunea de ast\u0103zi. V\u0103 stau la dispozi\u021bie pentru \u00eentreb\u0103ri&#8221;.<\/p>","protected":false},"excerpt":{"rendered":"<p>\u201eDe aproximativ o jum\u0103tate de or\u0103 s-a finalizat reuniunea pentru pace \u0219i securitate. Au participat&hellip;<\/p>\n","protected":false},"author":0,"featured_media":43096,"comment_status":"open","ping_status":"open","sticky":false,"template":"","format":"standard","meta":{"footnotes":""},"categories":[2],"tags":[],"class_list":["post-43105","post","type-post","status-publish","format-standard","has-post-thumbnail","hentry","category-actual"],"_links":{"self":[{"href":"https:\/\/247stiri.ro\/index.php\/wp-json\/wp\/v2\/posts\/43105","targetHints":{"allow":["GET"]}}],"collection":[{"href":"https:\/\/247stiri.ro\/index.php\/wp-json\/wp\/v2\/posts"}],"about":[{"href":"https:\/\/247stiri.ro\/index.php\/wp-json\/wp\/v2\/types\/post"}],"replies":[{"embeddable":true,"href":"https:\/\/247stiri.ro\/index.php\/wp-json\/wp\/v2\/comments?post=43105"}],"version-history":[{"count":0,"href":"https:\/\/247stiri.ro\/index.php\/wp-json\/wp\/v2\/posts\/43105\/revisions"}],"wp:featuredmedia":[{"embeddable":true,"href":"https:\/\/247stiri.ro\/index.php\/wp-json\/wp\/v2\/media\/43096"}],"wp:attachment":[{"href":"https:\/\/247stiri.ro\/index.php\/wp-json\/wp\/v2\/media?parent=43105"}],"wp:term":[{"taxonomy":"category","embeddable":true,"href":"https:\/\/247stiri.ro\/index.php\/wp-json\/wp\/v2\/categories?post=43105"},{"taxonomy":"post_tag","embeddable":true,"href":"https:\/\/247stiri.ro\/index.php\/wp-json\/wp\/v2\/tags?post=43105"}],"curies":[{"name":"wp","href":"https:\/\/api.w.org\/{rel}","templated":true}]}}