{"id":43113,"date":"2025-03-27T15:45:21","date_gmt":"2025-03-27T15:45:21","guid":{"rendered":"https:\/\/247stiri.ro\/index.php\/2025\/03\/27\/elena-lasconi-nou-derapaj-in-spatiul-public-bolojan-e-interimar-datorita-mie\/"},"modified":"2025-03-27T15:45:21","modified_gmt":"2025-03-27T15:45:21","slug":"elena-lasconi-nou-derapaj-in-spatiul-public-bolojan-e-interimar-datorita-mie","status":"publish","type":"post","link":"https:\/\/247stiri.ro\/index.php\/2025\/03\/27\/elena-lasconi-nou-derapaj-in-spatiul-public-bolojan-e-interimar-datorita-mie\/","title":{"rendered":"Elena Lasconi, nou derapaj \u00een spa\u021biul public: Bolojan e interimar datorit\u0103 mie"},"content":{"rendered":"<p>&#8222;Ipocrizia pe mine ma deranjeaza. Sunt primul politician care a spus c\u0103 a\u0219 vrea s\u0103 fie domnul Bolojan premier. Dup\u0103 chestia asta, \u00een noaptea aia, PNL a avut \u0219edin\u021b\u0103, erau agita\u021bi, jum\u0103tate din partid deja cumva simpatiza cu ideea de Bolojan.<\/p>\n<p>Faptul c\u0103 Ilie Bolojan este acum pre\u0219edinte interimar, \u00eentr-un fel mi se datoreaz\u0103 mie. Pentru c\u0103 am vorbit despre el, pentru c\u0103 cred \u00een el. Apoi a fost pus pe liste la Senat, pentru c\u0103, nu-i a\u0219a, are credibilitate, apoi cu aceast\u0103 coali\u021bie a ajuns pre\u0219edintele Senatului, am f\u0103cut \u0219i presiuni \u0219i pentru a pleca Iohannis acas\u0103 \u0219i acum este pre\u0219edinte interimar&#8221;, a declarat Lasconi la un post de radio.\u00a0<\/p>","protected":false},"excerpt":{"rendered":"<p>&#8222;Ipocrizia pe mine ma deranjeaza. Sunt primul politician care a spus c\u0103 a\u0219 vrea s\u0103&hellip;<\/p>\n","protected":false},"author":0,"featured_media":43114,"comment_status":"open","ping_status":"open","sticky":false,"template":"","format":"standard","meta":{"footnotes":""},"categories":[3],"tags":[],"class_list":["post-43113","post","type-post","status-publish","format-standard","has-post-thumbnail","hentry","category-politica"],"_links":{"self":[{"href":"https:\/\/247stiri.ro\/index.php\/wp-json\/wp\/v2\/posts\/43113","targetHints":{"allow":["GET"]}}],"collection":[{"href":"https:\/\/247stiri.ro\/index.php\/wp-json\/wp\/v2\/posts"}],"about":[{"href":"https:\/\/247stiri.ro\/index.php\/wp-json\/wp\/v2\/types\/post"}],"replies":[{"embeddable":true,"href":"https:\/\/247stiri.ro\/index.php\/wp-json\/wp\/v2\/comments?post=43113"}],"version-history":[{"count":0,"href":"https:\/\/247stiri.ro\/index.php\/wp-json\/wp\/v2\/posts\/43113\/revisions"}],"wp:featuredmedia":[{"embeddable":true,"href":"https:\/\/247stiri.ro\/index.php\/wp-json\/wp\/v2\/media\/43114"}],"wp:attachment":[{"href":"https:\/\/247stiri.ro\/index.php\/wp-json\/wp\/v2\/media?parent=43113"}],"wp:term":[{"taxonomy":"category","embeddable":true,"href":"https:\/\/247stiri.ro\/index.php\/wp-json\/wp\/v2\/categories?post=43113"},{"taxonomy":"post_tag","embeddable":true,"href":"https:\/\/247stiri.ro\/index.php\/wp-json\/wp\/v2\/tags?post=43113"}],"curies":[{"name":"wp","href":"https:\/\/api.w.org\/{rel}","templated":true}]}}