{"id":43115,"date":"2025-03-27T15:45:22","date_gmt":"2025-03-27T15:45:22","guid":{"rendered":"https:\/\/247stiri.ro\/index.php\/2025\/03\/27\/george-simion-demasca-planul-statul-paralel-cine-e-candidatul-pregatit-de-sistem-legaturi-cu-iohannis\/"},"modified":"2025-03-27T15:45:22","modified_gmt":"2025-03-27T15:45:22","slug":"george-simion-demasca-planul-statul-paralel-cine-e-candidatul-pregatit-de-sistem-legaturi-cu-iohannis","status":"publish","type":"post","link":"https:\/\/247stiri.ro\/index.php\/2025\/03\/27\/george-simion-demasca-planul-statul-paralel-cine-e-candidatul-pregatit-de-sistem-legaturi-cu-iohannis\/","title":{"rendered":"George Simion demasc\u0103 PLANUL Statul Paralel: cine e CANDIDATUL preg\u0103tit de Sistem. Leg\u0103turi cu Iohannis"},"content":{"rendered":"<p>&#8222;Suntem \u00een permanen\u021b\u0103 leg\u0103tur\u0103 cu domnul Georgescu \u0219i sigur c\u0103 omul acesta, fa\u021b\u0103 de ceea ce am avut p\u00e2n\u0103 acum la conducerea \u021b\u0103rii, este un adev\u0103rat lider care a \u0219tiut s\u0103 mul\u021bumeasc\u0103, \u0219i care reprezint\u0103 trezirea \u00een con\u0219tiin\u021b\u0103 care s-a \u00eent\u00e2mplat \u00een ultimele luni cu poporul rom\u00e2n.<\/p>\n<p>Categoric v\u0103 spun c\u0103 au \u00eenceput aceste atacuri \u00eempotriva noastr\u0103. Eu am avut un clip dat jos de pe re\u021beaua de TikTok pentru c\u0103 am spus pe 6 decembrie, data loviturii de stat, clar &#8211; cu subiect \u0219i predicat &#8211; c\u0103 Nicu\u0219or Dan este candidatul preg\u0103tit ca urma\u0219 de c\u0103tre Klaus Iohannis. Mi-a fost clipul dat jos pentru dezinformare \u0219i la nicio o s\u0103pt\u0103m\u00e2n\u0103 Nicu\u0219or Dan \u0219i-a anun\u021bat candidatura \u0219i vedem ast\u0103zi cum diferi\u021bi primari din partidele aflate la guvernare \u00eel sus\u021bin mai pe fa\u021b\u0103, vizibil, sau prin spate, prin intermediul Statului Paralel, pe Nicu\u0219or Dan&#8221;, a declarat, joi, George Simion, \u00een exclusivitate la Realitatea PLUS.\u00a0<\/p>\n<p>\u00a0<\/p>","protected":false},"excerpt":{"rendered":"<p>&#8222;Suntem \u00een permanen\u021b\u0103 leg\u0103tur\u0103 cu domnul Georgescu \u0219i sigur c\u0103 omul acesta, fa\u021b\u0103 de ceea&hellip;<\/p>\n","protected":false},"author":0,"featured_media":43116,"comment_status":"open","ping_status":"open","sticky":false,"template":"","format":"standard","meta":{"footnotes":""},"categories":[3],"tags":[],"class_list":["post-43115","post","type-post","status-publish","format-standard","has-post-thumbnail","hentry","category-politica"],"_links":{"self":[{"href":"https:\/\/247stiri.ro\/index.php\/wp-json\/wp\/v2\/posts\/43115","targetHints":{"allow":["GET"]}}],"collection":[{"href":"https:\/\/247stiri.ro\/index.php\/wp-json\/wp\/v2\/posts"}],"about":[{"href":"https:\/\/247stiri.ro\/index.php\/wp-json\/wp\/v2\/types\/post"}],"replies":[{"embeddable":true,"href":"https:\/\/247stiri.ro\/index.php\/wp-json\/wp\/v2\/comments?post=43115"}],"version-history":[{"count":0,"href":"https:\/\/247stiri.ro\/index.php\/wp-json\/wp\/v2\/posts\/43115\/revisions"}],"wp:featuredmedia":[{"embeddable":true,"href":"https:\/\/247stiri.ro\/index.php\/wp-json\/wp\/v2\/media\/43116"}],"wp:attachment":[{"href":"https:\/\/247stiri.ro\/index.php\/wp-json\/wp\/v2\/media?parent=43115"}],"wp:term":[{"taxonomy":"category","embeddable":true,"href":"https:\/\/247stiri.ro\/index.php\/wp-json\/wp\/v2\/categories?post=43115"},{"taxonomy":"post_tag","embeddable":true,"href":"https:\/\/247stiri.ro\/index.php\/wp-json\/wp\/v2\/tags?post=43115"}],"curies":[{"name":"wp","href":"https:\/\/api.w.org\/{rel}","templated":true}]}}