{"id":43117,"date":"2025-03-27T15:45:23","date_gmt":"2025-03-27T15:45:23","guid":{"rendered":"https:\/\/247stiri.ro\/index.php\/2025\/03\/27\/bolojan-despre-dialogul-transatlantic-cred-ca-este-in-interesul-obtinerii-unei-paci-durabile-ca-europa-si-statele-unite-sa-se-coordoneze\/"},"modified":"2025-03-27T15:45:23","modified_gmt":"2025-03-27T15:45:23","slug":"bolojan-despre-dialogul-transatlantic-cred-ca-este-in-interesul-obtinerii-unei-paci-durabile-ca-europa-si-statele-unite-sa-se-coordoneze","status":"publish","type":"post","link":"https:\/\/247stiri.ro\/index.php\/2025\/03\/27\/bolojan-despre-dialogul-transatlantic-cred-ca-este-in-interesul-obtinerii-unei-paci-durabile-ca-europa-si-statele-unite-sa-se-coordoneze\/","title":{"rendered":"Bolojan, despre dialogul transatlantic: Cred c\u0103 este \u00een interesul ob\u0163inerii unei p\u0103ci durabile ca Europa \u015fi Statele Unite s\u0103 se coordoneze"},"content":{"rendered":"<p>\u201d\u00cen afar\u0103 de sui\u015furile sau cobor\u00e2\u015furile dialogului transatlantic, \u00eentre Europa \u015fi Statele Unite, cred c\u0103 este \u00een interesul ob\u0163inerii unei p\u0103ci durabile ca Europa \u015fi Statele Unite s\u0103 se coordoneze \u00een vederea ajungerii la o astfel de situa\u0163ie. G\u00e2ndi\u0163i-v\u0103 c\u0103 sunt sanc\u0163iunile care sunt aplicate Rusiei, este sprijinul care vine c\u0103tre Ucraina, at\u00e2t din partea Statelor Unite c\u00e2t \u015fi din partea Europei, va exista \u015fi sper\u0103m s\u0103 fie c\u00e2t mai repede, situa\u0163ia post-conflict, deci alinierea Europei cu Statele Unite \u00eenseamn\u0103 o capacitate mai mare de a asigura c\u0103 pacea \u00eentr-adev\u0103r este respectat\u0103 \u015fi se ajunge la o solu\u0163ie care st\u0103 \u00een picioare \u00een mult timp\u201d, a declarat Ilie Bolojan, la Paris, despre rela\u0163ia dintre SUA \u015fi Europa.<\/p>\n<p>El a men\u0163ionat \u201dnu e o problem\u0103 de dorin\u0163\u0103, e o problem\u0103 pur \u015fi simplu de necessitate\u201d.<\/p>\n<p>\u00centrebat dac\u0103 administra\u0163ia la Washington \u00ee\u015fi schimb\u0103 pozi\u0163ia cu privire la Ucraina, Bolojan a spus: \u201dEu cred c\u0103 exist\u0103 o \u00een\u0163elegere, \u00een afar\u0103 de orice fel de dispute care pot fi comerciale sau de alt\u0103 natur\u0103, pentru c\u0103 o astfel de solu\u0163ie de coordonare este cea mai bun\u0103, pentru a ob\u0163ine cel mai bun rezultat posibil\u201d.<\/p>\n\n<p>\u00a0<\/p>","protected":false},"excerpt":{"rendered":"<p>\u201d\u00cen afar\u0103 de sui\u015furile sau cobor\u00e2\u015furile dialogului transatlantic, \u00eentre Europa \u015fi Statele Unite, cred c\u0103&hellip;<\/p>\n","protected":false},"author":0,"featured_media":43118,"comment_status":"open","ping_status":"open","sticky":false,"template":"","format":"standard","meta":{"footnotes":""},"categories":[3],"tags":[],"class_list":["post-43117","post","type-post","status-publish","format-standard","has-post-thumbnail","hentry","category-politica"],"_links":{"self":[{"href":"https:\/\/247stiri.ro\/index.php\/wp-json\/wp\/v2\/posts\/43117","targetHints":{"allow":["GET"]}}],"collection":[{"href":"https:\/\/247stiri.ro\/index.php\/wp-json\/wp\/v2\/posts"}],"about":[{"href":"https:\/\/247stiri.ro\/index.php\/wp-json\/wp\/v2\/types\/post"}],"replies":[{"embeddable":true,"href":"https:\/\/247stiri.ro\/index.php\/wp-json\/wp\/v2\/comments?post=43117"}],"version-history":[{"count":0,"href":"https:\/\/247stiri.ro\/index.php\/wp-json\/wp\/v2\/posts\/43117\/revisions"}],"wp:featuredmedia":[{"embeddable":true,"href":"https:\/\/247stiri.ro\/index.php\/wp-json\/wp\/v2\/media\/43118"}],"wp:attachment":[{"href":"https:\/\/247stiri.ro\/index.php\/wp-json\/wp\/v2\/media?parent=43117"}],"wp:term":[{"taxonomy":"category","embeddable":true,"href":"https:\/\/247stiri.ro\/index.php\/wp-json\/wp\/v2\/categories?post=43117"},{"taxonomy":"post_tag","embeddable":true,"href":"https:\/\/247stiri.ro\/index.php\/wp-json\/wp\/v2\/tags?post=43117"}],"curies":[{"name":"wp","href":"https:\/\/api.w.org\/{rel}","templated":true}]}}