{"id":43134,"date":"2025-03-27T16:45:57","date_gmt":"2025-03-27T16:45:57","guid":{"rendered":"https:\/\/247stiri.ro\/index.php\/2025\/03\/27\/scandal-de-amploare-in-parcare-un-barbat-a-lovit-o-femeie-si-i-a-prins-piciorul-intre-portiera-si-caroseria-masinii\/"},"modified":"2025-03-27T16:45:57","modified_gmt":"2025-03-27T16:45:57","slug":"scandal-de-amploare-in-parcare-un-barbat-a-lovit-o-femeie-si-i-a-prins-piciorul-intre-portiera-si-caroseria-masinii","status":"publish","type":"post","link":"https:\/\/247stiri.ro\/index.php\/2025\/03\/27\/scandal-de-amploare-in-parcare-un-barbat-a-lovit-o-femeie-si-i-a-prins-piciorul-intre-portiera-si-caroseria-masinii\/","title":{"rendered":"Scandal de amploare \u00een parcare! Un b\u0103rbat a lovit o femeie \u0219i i-a prins piciorul \u00eentre portier\u0103 \u015fi caroseria ma\u015finii"},"content":{"rendered":"<p>Un b\u0103rbat este cercetat de poli\u021bi\u0219tii bucure\u0219teni sub acuza\u021biile de lovire \u0219i distrugere, dup\u0103 ce ar fi agresat o femeie \u00eentr-o disput\u0103 generat\u0103 de dreptul asupra unui loc de parcare.<\/p>\n<p>Cum s-a petrecut incidentul<\/p>\n<p><a href=\"https:\/\/www.realitatea.net\/stiri\/actual\/roman-arestat-dupa-ce-sia-agresat-sotia-barbatul-de-60-de-ani-a-incalat-ordinul-de-restrictie_6731e7697e05fa5d0d0de869\" target=\"_blank\">Incidentul s-a petrecut<\/a> joi, 27 martie, c\u00e2nd o femeie a apelat num\u0103rul de urgen\u021b\u0103 112, reclam\u00e2nd c\u0103 a fost agresat\u0103 fizic de un b\u0103rbat \u00een timpul unei alterca\u021bii verbale. Potrivit anchetatorilor, \u00een timpul conflictului, b\u0103rbatul i-ar fi prins femeii piciorul \u00eentre portier\u0103 \u0219i caroseria ma\u0219inii \u0219i ar fi lovit-o peste m\u00e2n\u0103, determin\u00e2nd-o s\u0103 scape telefonul mobil, care a fost avariat \u00een urma impactului.<\/p>\n<p>Poli\u021bi\u0219tii Sec\u021biei 2 s-au deplasat rapid la fa\u021ba locului, identific\u00e2nd \u0219i re\u021bin\u00e2nd suspectul. Femeia a refuzat \u00eengrijiri medicale, dar a declarat c\u0103 \u00ee\u0219i rezerv\u0103 dreptul de a depune o pl\u00e2ngere oficial\u0103. De asemenea, ea a refuzat completarea formularului de evaluare a riscului \u0219i emiterea unui ordin de protec\u021bie provizoriu, conform prevederilor Legii 26\/2024.<\/p>\n<p>Cercet\u0103rile continu\u0103 sub coordonarea Parchetului de pe l\u00e2ng\u0103 Judec\u0103toria Sectorului 1, pentru a stabili circumstan\u021bele exacte ale incidentului \u0219i a decide<a href=\"https:\/\/www.realitatea.net\/stiri\/actual\/barbat-de-79-de-ani-retinut-dupa-ce-a-agresat-o-femeie-si-a-incendiat-o-firma_66fd4291c58411522d2e2182\" target=\"_blank\"> m\u0103surile legale ce se impun \u00eempotriva suspectului.<\/a><\/p>","protected":false},"excerpt":{"rendered":"<p>Un b\u0103rbat este cercetat de poli\u021bi\u0219tii bucure\u0219teni sub acuza\u021biile de lovire \u0219i distrugere, dup\u0103 ce&hellip;<\/p>\n","protected":false},"author":0,"featured_media":43135,"comment_status":"open","ping_status":"open","sticky":false,"template":"","format":"standard","meta":{"footnotes":""},"categories":[2],"tags":[],"class_list":["post-43134","post","type-post","status-publish","format-standard","has-post-thumbnail","hentry","category-actual"],"_links":{"self":[{"href":"https:\/\/247stiri.ro\/index.php\/wp-json\/wp\/v2\/posts\/43134","targetHints":{"allow":["GET"]}}],"collection":[{"href":"https:\/\/247stiri.ro\/index.php\/wp-json\/wp\/v2\/posts"}],"about":[{"href":"https:\/\/247stiri.ro\/index.php\/wp-json\/wp\/v2\/types\/post"}],"replies":[{"embeddable":true,"href":"https:\/\/247stiri.ro\/index.php\/wp-json\/wp\/v2\/comments?post=43134"}],"version-history":[{"count":0,"href":"https:\/\/247stiri.ro\/index.php\/wp-json\/wp\/v2\/posts\/43134\/revisions"}],"wp:featuredmedia":[{"embeddable":true,"href":"https:\/\/247stiri.ro\/index.php\/wp-json\/wp\/v2\/media\/43135"}],"wp:attachment":[{"href":"https:\/\/247stiri.ro\/index.php\/wp-json\/wp\/v2\/media?parent=43134"}],"wp:term":[{"taxonomy":"category","embeddable":true,"href":"https:\/\/247stiri.ro\/index.php\/wp-json\/wp\/v2\/categories?post=43134"},{"taxonomy":"post_tag","embeddable":true,"href":"https:\/\/247stiri.ro\/index.php\/wp-json\/wp\/v2\/tags?post=43134"}],"curies":[{"name":"wp","href":"https:\/\/api.w.org\/{rel}","templated":true}]}}