{"id":43136,"date":"2025-03-27T16:45:57","date_gmt":"2025-03-27T16:45:57","guid":{"rendered":"https:\/\/247stiri.ro\/index.php\/2025\/03\/27\/maricel-pacuraru-patronul-trustului-realitatea-a-fost-internat-astazi-la-terapie-intensiva\/"},"modified":"2025-03-27T16:45:57","modified_gmt":"2025-03-27T16:45:57","slug":"maricel-pacuraru-patronul-trustului-realitatea-a-fost-internat-astazi-la-terapie-intensiva","status":"publish","type":"post","link":"https:\/\/247stiri.ro\/index.php\/2025\/03\/27\/maricel-pacuraru-patronul-trustului-realitatea-a-fost-internat-astazi-la-terapie-intensiva\/","title":{"rendered":"Maricel P\u0103curaru, patronul trustului Realitatea, a fost internat ast\u0103zi la terapie intensiv\u0103"},"content":{"rendered":"<p>\u00cen mesajul s\u0103u, Ana Maria P\u0103curaru a subliniat importan\u021ba solidarit\u0103\u021bii \u0219i a sus\u021binerii \u0219i a men\u021bionat c\u0103 Maricel P\u0103curaru, de\u0219i este un om puternic, are nevoie acum de timp pentru a se recupera \u0219i de asisten\u021ba celor mai buni medici.<\/p>\n\n<p>\u201eDragi prieteni, din toat\u0103 inima, v\u0103 mul\u021bumim pentru fiecare g\u00e2nd bun, pentru fiecare apel \u0219i mesaj. \u00cen aceste momente grele, am fost cople\u0219i\u021bi de dragostea voastr\u0103, iar sprijinul vostru ne-a fost un far de lumin\u0103. Fiecare cuv\u00e2nt, fiecare rug\u0103ciune, fiecare \u00eembr\u0103\u021bi\u0219are virtual\u0103 ne-a adus un strop de speran\u021b\u0103 \u00een sufletele noastre. Ast\u0103zi, la 9.30 diminea\u021ba, tat\u0103l meu a fost internat de urgen\u021b\u0103, iar acum se afl\u0103 \u00een terapie intensiv\u0103, \u00een m\u00e2inile celor mai buni medici. \u0218i, de\u0219i este un om extrem de puternic, are nevoie acum de un r\u0103gaz, de o pauz\u0103 pentru a se reface \u0219i a reg\u0103si puterea de care are at\u00e2ta nevoie. Vreau s\u0103 v\u0103 lini\u0219tesc pe to\u021bi cei care v-a\u021bi f\u0103cut griji pentru el \u0219i pentru noi. Este \u00een cele mai bune m\u00e2ini, v\u0103 garantez asta, iar noi \u00eei oferim toat\u0103 dragostea noastr\u0103, toat\u0103 speran\u021ba \u0219i toat\u0103 energia pentru a-l ajuta s\u0103 treac\u0103 prin aceast\u0103 perioad\u0103 dificil\u0103.<\/p>\n<p>V\u0103 mul\u021bumim \u00eenc\u0103 o dat\u0103 c\u0103 sunte\u021bi al\u0103turi de noi \u00een aceast\u0103 \u00eencercare, fiecare dintre voi conteaz\u0103 enorm pentru noi, iar sprijinul vostru ne d\u0103 putere s\u0103 mergem mai departe. V\u0103 rog s\u0103 \u00een\u021belege\u021bi c\u0103, de\u0219i nu putem r\u0103spunde imediat fiec\u0103rei persoane, fiecare mesaj este citit cu recuno\u0219tin\u021b\u0103, iar fiecare rug\u0103ciune este sim\u021bit\u0103 \u00een ad\u00e2ncul inimii noastre. Tata este un lupt\u0103tor, iar noi suntem al\u0103turi de el cu toat\u0103 iubirea \u0219i speran\u021ba noastr\u0103. Cu ajutorul vostru, vom trece prin aceast\u0103 perioad\u0103, iar \u00een cur\u00e2nd vom avea to\u021bi z\u00e2mbetul pe buze, privind spre un viitor mai bun. V\u0103 mul\u021bumim \u00eenc\u0103 o dat\u0103 din suflet pentru tot ce a\u021bi f\u0103cut pentru noi. V\u0103 suntem recunosc\u0103tori c\u0103 avem at\u00e2t de mul\u021bi oameni buni al\u0103turi de noi.<\/p>\n<p>V\u0103 iubim!\u201d, a transmis Ana Maria P\u0103curaru la Realitatea Plus.<\/p>\n<p><a title=\"SUA, Rusia si China vor forma o noua oridine mondiala, fara Europa. Analiza de Ana Maria Pacuraru - VIDEO\" href=\"https:\/\/www.realitatea.net\/stiri\/actual\/sua-rusia-si-china-vor-forma-o-noua-oridine-mondiala-fara-europa-analiza-de-ana-maria-pacuraru-video_67e55acbf6af3e5c734f3342\">SUA, Rusia \u0219i China vor forma o nou\u0103 oridine mondial\u0103, f\u0103r\u0103 Europa. Analiz\u0103 de Ana Maria P\u0103curaru &#8211; VIDEO<\/a><\/p>","protected":false},"excerpt":{"rendered":"<p>\u00cen mesajul s\u0103u, Ana Maria P\u0103curaru a subliniat importan\u021ba solidarit\u0103\u021bii \u0219i a sus\u021binerii \u0219i a&hellip;<\/p>\n","protected":false},"author":0,"featured_media":43137,"comment_status":"open","ping_status":"open","sticky":false,"template":"","format":"standard","meta":{"footnotes":""},"categories":[2],"tags":[],"class_list":["post-43136","post","type-post","status-publish","format-standard","has-post-thumbnail","hentry","category-actual"],"_links":{"self":[{"href":"https:\/\/247stiri.ro\/index.php\/wp-json\/wp\/v2\/posts\/43136","targetHints":{"allow":["GET"]}}],"collection":[{"href":"https:\/\/247stiri.ro\/index.php\/wp-json\/wp\/v2\/posts"}],"about":[{"href":"https:\/\/247stiri.ro\/index.php\/wp-json\/wp\/v2\/types\/post"}],"replies":[{"embeddable":true,"href":"https:\/\/247stiri.ro\/index.php\/wp-json\/wp\/v2\/comments?post=43136"}],"version-history":[{"count":0,"href":"https:\/\/247stiri.ro\/index.php\/wp-json\/wp\/v2\/posts\/43136\/revisions"}],"wp:featuredmedia":[{"embeddable":true,"href":"https:\/\/247stiri.ro\/index.php\/wp-json\/wp\/v2\/media\/43137"}],"wp:attachment":[{"href":"https:\/\/247stiri.ro\/index.php\/wp-json\/wp\/v2\/media?parent=43136"}],"wp:term":[{"taxonomy":"category","embeddable":true,"href":"https:\/\/247stiri.ro\/index.php\/wp-json\/wp\/v2\/categories?post=43136"},{"taxonomy":"post_tag","embeddable":true,"href":"https:\/\/247stiri.ro\/index.php\/wp-json\/wp\/v2\/tags?post=43136"}],"curies":[{"name":"wp","href":"https:\/\/api.w.org\/{rel}","templated":true}]}}