{"id":43142,"date":"2025-03-27T17:44:48","date_gmt":"2025-03-27T17:44:48","guid":{"rendered":"https:\/\/247stiri.ro\/index.php\/2025\/03\/27\/zelenski-anunt-crucial-de-la-summitul-de-la-paris-privind-ucraina-macron-si-starmer-desemnati-sa-reprezinte-europa-in-negocierile-de-pace\/"},"modified":"2025-03-27T17:44:48","modified_gmt":"2025-03-27T17:44:48","slug":"zelenski-anunt-crucial-de-la-summitul-de-la-paris-privind-ucraina-macron-si-starmer-desemnati-sa-reprezinte-europa-in-negocierile-de-pace","status":"publish","type":"post","link":"https:\/\/247stiri.ro\/index.php\/2025\/03\/27\/zelenski-anunt-crucial-de-la-summitul-de-la-paris-privind-ucraina-macron-si-starmer-desemnati-sa-reprezinte-europa-in-negocierile-de-pace\/","title":{"rendered":"Zelenski, anun\u021b crucial de la Summitul de la Paris privind Ucraina: Macron \u0219i Starmer, desemna\u021bi s\u0103 reprezinte Europa \u00een negocierile de pace"},"content":{"rendered":"<p>&#8222;Ast\u0103zi, noi to\u021bi cei din Europa am convenit c\u0103 Europa va fi reprezentat\u0103 de Fran\u021ba \u0219i Regatul Unit. Macron \u0219i Starmer. Cred c\u0103 \u0219i acest lucru este important. Este o pozi\u021bie clar\u0103 \u0219i dorim s\u0103 transmitem acest semnal tuturor celorlal\u021bi parteneri \u0219i cu siguran\u021b\u0103 Statelor Unite&#8221;, a declarat Zelenski, care a insistat asupra necesit\u0103\u021bii ca Europa s\u0103 fie reprezentat\u0103 la masa negocierilor cu Rusia, transmite EFE potrivit Agerpres.<\/p>\n<p>Liderul de la Kiev a spus c\u0103 regret\u0103 faptul c\u0103 exist\u0103 \u00eenc\u0103 &#8222;multe \u00eentreb\u0103ri&#8221; \u0219i &#8222;pu\u021bine r\u0103spunsuri&#8221; cu privire la posibila desf\u0103\u0219urare a unui contingent european pe teritoriul ucrainean, anun\u021bat\u0103 de Macron pentru a monitoriza o posibil\u0103 \u00eencetare a focului cu Rusia.<\/p>\n<p>De asemenea, \u00eentr-o conferin\u021b\u0103 de pres\u0103 la Paris, pre\u0219edintele ucrainean a \u00eendemnat Occidentul s\u0103 \u00eempiedice orice ridicare a sanc\u021biunilor \u00eempotriva Rusiei, a\u0219a cum cere Moscova \u00een vederea unui armisti\u021biu \u00een Marea Neagr\u0103, afirm\u00e2nd c\u0103 aceasta ar trimite &#8216;semnale foarte periculoase&#8217;.<\/p>\n<p>&#8222;Dup\u0103 semnalele pe care le-am auzit (&#8230;) din Arabia Saudit\u0103 pe tema sanc\u021biunilor, a posibilei ridic\u0103ri a sanc\u021biunilor&#8230; Acestea sunt semnale foarte periculoase&#8221;, a mai spus Volodimir Zelenski, citat de AFP.\u00a0<\/p>","protected":false},"excerpt":{"rendered":"<p>&#8222;Ast\u0103zi, noi to\u021bi cei din Europa am convenit c\u0103 Europa va fi reprezentat\u0103 de Fran\u021ba&hellip;<\/p>\n","protected":false},"author":0,"featured_media":43143,"comment_status":"open","ping_status":"open","sticky":false,"template":"","format":"standard","meta":{"footnotes":""},"categories":[4],"tags":[],"class_list":["post-43142","post","type-post","status-publish","format-standard","has-post-thumbnail","hentry","category-extern"],"_links":{"self":[{"href":"https:\/\/247stiri.ro\/index.php\/wp-json\/wp\/v2\/posts\/43142","targetHints":{"allow":["GET"]}}],"collection":[{"href":"https:\/\/247stiri.ro\/index.php\/wp-json\/wp\/v2\/posts"}],"about":[{"href":"https:\/\/247stiri.ro\/index.php\/wp-json\/wp\/v2\/types\/post"}],"replies":[{"embeddable":true,"href":"https:\/\/247stiri.ro\/index.php\/wp-json\/wp\/v2\/comments?post=43142"}],"version-history":[{"count":0,"href":"https:\/\/247stiri.ro\/index.php\/wp-json\/wp\/v2\/posts\/43142\/revisions"}],"wp:featuredmedia":[{"embeddable":true,"href":"https:\/\/247stiri.ro\/index.php\/wp-json\/wp\/v2\/media\/43143"}],"wp:attachment":[{"href":"https:\/\/247stiri.ro\/index.php\/wp-json\/wp\/v2\/media?parent=43142"}],"wp:term":[{"taxonomy":"category","embeddable":true,"href":"https:\/\/247stiri.ro\/index.php\/wp-json\/wp\/v2\/categories?post=43142"},{"taxonomy":"post_tag","embeddable":true,"href":"https:\/\/247stiri.ro\/index.php\/wp-json\/wp\/v2\/tags?post=43142"}],"curies":[{"name":"wp","href":"https:\/\/api.w.org\/{rel}","templated":true}]}}