{"id":43144,"date":"2025-03-27T17:44:48","date_gmt":"2025-03-27T17:44:48","guid":{"rendered":"https:\/\/247stiri.ro\/index.php\/2025\/03\/27\/atac-cu-cutitul-pe-o-strada-din-amsterdam-cel-putin-5-persoane-au-fost-ranite-un-elicopter-si-mai-multe-ambulante-au-ajuns-la-fata-locului\/"},"modified":"2025-03-27T17:44:48","modified_gmt":"2025-03-27T17:44:48","slug":"atac-cu-cutitul-pe-o-strada-din-amsterdam-cel-putin-5-persoane-au-fost-ranite-un-elicopter-si-mai-multe-ambulante-au-ajuns-la-fata-locului","status":"publish","type":"post","link":"https:\/\/247stiri.ro\/index.php\/2025\/03\/27\/atac-cu-cutitul-pe-o-strada-din-amsterdam-cel-putin-5-persoane-au-fost-ranite-un-elicopter-si-mai-multe-ambulante-au-ajuns-la-fata-locului\/","title":{"rendered":"Atac cu cu\u021bitul  pe o strad\u0103 din Amsterdam! Cel pu\u021bin 5 persoane au fost r\u0103nite: un elicopter \u0219i mai multe ambulan\u021be au ajuns la fa\u021ba locului"},"content":{"rendered":"<p>\u201dNu dispinem \u00een prezent de nicio informa\u0163ie despre cauza sau mobilul incidentului cu cu\u0163itul\u201d, au transmis oamenii legii \u00eentr-un comunicat.<\/p>\n<p>P\u00e2n\u0103 la ora transmiterii acestei \u0219tiri nu se cunosc informa\u021bii privind starea de s\u0103n\u0103tate a r\u0103ni\u0163ilor.<\/p>\n<p>Incidentul \u0219ocant s-a petrecut joi, la ora local\u0103 15.20 (16.20, ora Rom\u00e2niei), pe strada Sint Nicolaasstraat, la aproximativ 350 de metri de Dam Square, \u00eentr-un cartier comercial foarte frecventat de turi\u015fti, potrivit cotidianului olandez Handelsblad.<\/p>\n<p>Imaginile difuzate pe re\u0163ele de socializare surprind un elicopter de traumatologie ateriz\u00e2nd \u00een mijlocul pie\u0163iei princioale \u00een ora\u015ful olandez.<\/p>\n<p>\u2757\ufe0fBreaking \u2757\ufe0fAmsterdam &#8222;Blooming Garden&#8221; A knife attack took place in central Amsterdam, injuring five individuals. The area around Dam Square has been cordoned off. Emergency helicopters have landed near the Royal Palace. The city council session was abruptly interrupted,\u2026 <a href=\"https:\/\/t.co\/f4OPu8t8zF\">pic.twitter.com\/f4OPu8t8zF<\/a><\/p>\n<p>\u2014 Yuriy Popovych (@popovych_yuriy) <a href=\"https:\/\/twitter.com\/popovych_yuriy\/status\/1905282705236852980?ref_src=twsrc%5Etfw\">March 27, 2025<\/a><\/p>\n<p>Imagini surprind prezen\u0163a mai multor ambulan\u0163e \u015fi vehicule ale serviciilor de urgen\u0163\u0103 la fa\u0163a locului.<\/p>","protected":false},"excerpt":{"rendered":"<p>\u201dNu dispinem \u00een prezent de nicio informa\u0163ie despre cauza sau mobilul incidentului cu cu\u0163itul\u201d, au&hellip;<\/p>\n","protected":false},"author":0,"featured_media":43145,"comment_status":"open","ping_status":"open","sticky":false,"template":"","format":"standard","meta":{"footnotes":""},"categories":[4],"tags":[],"class_list":["post-43144","post","type-post","status-publish","format-standard","has-post-thumbnail","hentry","category-extern"],"_links":{"self":[{"href":"https:\/\/247stiri.ro\/index.php\/wp-json\/wp\/v2\/posts\/43144","targetHints":{"allow":["GET"]}}],"collection":[{"href":"https:\/\/247stiri.ro\/index.php\/wp-json\/wp\/v2\/posts"}],"about":[{"href":"https:\/\/247stiri.ro\/index.php\/wp-json\/wp\/v2\/types\/post"}],"replies":[{"embeddable":true,"href":"https:\/\/247stiri.ro\/index.php\/wp-json\/wp\/v2\/comments?post=43144"}],"version-history":[{"count":0,"href":"https:\/\/247stiri.ro\/index.php\/wp-json\/wp\/v2\/posts\/43144\/revisions"}],"wp:featuredmedia":[{"embeddable":true,"href":"https:\/\/247stiri.ro\/index.php\/wp-json\/wp\/v2\/media\/43145"}],"wp:attachment":[{"href":"https:\/\/247stiri.ro\/index.php\/wp-json\/wp\/v2\/media?parent=43144"}],"wp:term":[{"taxonomy":"category","embeddable":true,"href":"https:\/\/247stiri.ro\/index.php\/wp-json\/wp\/v2\/categories?post=43144"},{"taxonomy":"post_tag","embeddable":true,"href":"https:\/\/247stiri.ro\/index.php\/wp-json\/wp\/v2\/tags?post=43144"}],"curies":[{"name":"wp","href":"https:\/\/api.w.org\/{rel}","templated":true}]}}