{"id":43150,"date":"2025-03-27T17:44:51","date_gmt":"2025-03-27T17:44:51","guid":{"rendered":"https:\/\/247stiri.ro\/index.php\/2025\/03\/27\/afacerile-falimentare-ale-oierului-becali-ce-sfori-a-tras\/"},"modified":"2025-03-27T17:44:51","modified_gmt":"2025-03-27T17:44:51","slug":"afacerile-falimentare-ale-oierului-becali-ce-sfori-a-tras","status":"publish","type":"post","link":"https:\/\/247stiri.ro\/index.php\/2025\/03\/27\/afacerile-falimentare-ale-oierului-becali-ce-sfori-a-tras\/","title":{"rendered":"AFACERILE FALIMENTARE ale oierului Becali: ce sfori a tras"},"content":{"rendered":"<p>Becali a intrat \u00een afacerea Avicola \u00een 2004, c\u00e2nd a preluat contractul de privatizare. Ciobanul penal a preluat firma de la omul de afaceri Florin Camara, pentru care a garantat un contract cu 2 milioane de lei. Afaceristul spunea \u00een 2004 c\u0103 nu vrea s\u0103 creasc\u0103 p\u0103s\u0103ri la Ia\u0219i, ci doar vrea s\u0103 fac\u0103 o afacere bun\u0103. Intrarea lui Becali \u00een ac\u021bionariatul Avicola Ia\u0219i a fost una f\u0103cut\u0103 sub protec\u021bie politic\u0103 pentru c\u0103 Florin Camara era cum\u0103trul premierului Adrian N\u0103stase, dup\u0103 ce acesta i-a botezat cei doi b\u0103ie\u021bi, dup\u0103 cum a dezv\u0103luit presa de-a lungul timpului.<\/p>\n<p>\u00cen 2008, latifundiarul a \u00eemprumutat firma cu 2.3 milioane de lei, unde mai multe clauze frauduloase au fost introduse. \u00cen momentul \u00een care Becali \u0219i-a \u00eemprumutat propria firm\u0103, Avicola Ia\u0219i nu mai putea s\u0103 pl\u0103teasc\u0103 ratele c\u0103tre b\u0103nci. Cu trei s\u0103pt\u0103m\u00e2ni \u00eenainte de intrarea \u00een insolven\u021b\u0103 a Avicola Ia\u0219i, Becali a pus ipotec\u0103 pe Fermele 1, 2 \u0219i 3 care includeau terenul aferent al Avicola Ia\u0219i. Prin acest\u0103 schem\u0103, Becali nu a f\u0103cut dec\u00e2t s\u0103 se \u00eemprumute pe sine cu bani \u0219i ulterior s\u0103 cear\u0103 dob\u00e2nd\u0103 sau s\u0103 intre \u00een posesia bunurilor. Astfel, ciobanul-milionar s-a asigurat c\u0103 nu va pierde nimic din acest\u0103 afacere.<\/p>\n<p>Clanul condus de Gigi Becali este acuzat de procurorii anticorup\u021bie de faptul c\u0103 a devalizat Avicola Ia\u0219i, unde prejudiciul se ridic\u0103 la peste 6.6 milioane de euro.<\/p>\n<p>Dosarul penal deschis de procurori s-a tot plimbat \u00eentre parchete, iar \u00een prezent nu se mai \u0219tie absolut nimic despre el. Ultima informa\u021bie public\u0103 a fost \u00een urm\u0103 cu 12 ani, c\u00e2nd Gigi Becali a fost pus sub acuzare pentru \u00een\u0219el\u0103ciune \u0219i abuz \u00een serviciu \u0219i a fost s\u0103ltat de pe aeroport, de unde pl\u0103nuia s\u0103 fug\u0103 \u00een Israel, conform unor surse judiciare.<\/p>\n<p>\u00cen prezent, lichidatorul judiciar al firmei cere instan\u021bei de judecat\u0103 s\u0103 recupereze peste \u0219ase milioane de euro pentru c\u0103 Becali \u0219i apropia\u021bii s\u0103i ar fi folosit bunurile sau creditele Avicola Ia\u0219i \u00een interes personal, iar singurul scop a fost \u00eenchiderea acesteia. Mai mult, Becali este acuzat c\u0103 a \u021binut o contabilitate fictiv\u0103 \u0219i ar fi f\u0103cut ca unele documente contabile s\u0103 dispar\u0103 \u00een dauna celorlal\u021bi creditori. Din 2015, Avicola Ia\u0219i este \u00een procedur\u0103 de faliment, iar datoriile se ridic\u0103 la peste 15 milioane de euro.<\/p>\n<p>Are \u0219i motive de r\u00e2s ciobanul penal. Justi\u021bia, care \u0219i-a umflat mu\u0219chii atunci c\u00e2nd l-a s\u0103ltat de pe aeroport, apoi l-a l\u0103sat \u00een pace. Astfel, pu\u0219c\u0103ria\u0219ul \u00ee\u0219i permite s\u0103 fac\u0103 pe lupul moralist la adresa televiziunii poporului. De\u0219i pretinde c\u0103 Trustul Realitatea Media a fost b\u0103gat \u00een faliment de familia P\u0103curaru, de fapt afacerea a fost preluat\u0103 \u00een reorganizare \u0219i cu datorii.\u00a0<\/p>","protected":false},"excerpt":{"rendered":"<p>Becali a intrat \u00een afacerea Avicola \u00een 2004, c\u00e2nd a preluat contractul de privatizare. Ciobanul&hellip;<\/p>\n","protected":false},"author":0,"featured_media":43151,"comment_status":"open","ping_status":"open","sticky":false,"template":"","format":"standard","meta":{"footnotes":""},"categories":[3],"tags":[],"class_list":["post-43150","post","type-post","status-publish","format-standard","has-post-thumbnail","hentry","category-politica"],"_links":{"self":[{"href":"https:\/\/247stiri.ro\/index.php\/wp-json\/wp\/v2\/posts\/43150","targetHints":{"allow":["GET"]}}],"collection":[{"href":"https:\/\/247stiri.ro\/index.php\/wp-json\/wp\/v2\/posts"}],"about":[{"href":"https:\/\/247stiri.ro\/index.php\/wp-json\/wp\/v2\/types\/post"}],"replies":[{"embeddable":true,"href":"https:\/\/247stiri.ro\/index.php\/wp-json\/wp\/v2\/comments?post=43150"}],"version-history":[{"count":0,"href":"https:\/\/247stiri.ro\/index.php\/wp-json\/wp\/v2\/posts\/43150\/revisions"}],"wp:featuredmedia":[{"embeddable":true,"href":"https:\/\/247stiri.ro\/index.php\/wp-json\/wp\/v2\/media\/43151"}],"wp:attachment":[{"href":"https:\/\/247stiri.ro\/index.php\/wp-json\/wp\/v2\/media?parent=43150"}],"wp:term":[{"taxonomy":"category","embeddable":true,"href":"https:\/\/247stiri.ro\/index.php\/wp-json\/wp\/v2\/categories?post=43150"},{"taxonomy":"post_tag","embeddable":true,"href":"https:\/\/247stiri.ro\/index.php\/wp-json\/wp\/v2\/tags?post=43150"}],"curies":[{"name":"wp","href":"https:\/\/api.w.org\/{rel}","templated":true}]}}