{"id":43152,"date":"2025-03-27T17:44:52","date_gmt":"2025-03-27T17:44:52","guid":{"rendered":"https:\/\/247stiri.ro\/index.php\/2025\/03\/27\/mae-avertizeaza-transportul-public-dintr-o-tara-europeana-paralizat-in-urma-unei-greve-nationale\/"},"modified":"2025-03-27T17:44:52","modified_gmt":"2025-03-27T17:44:52","slug":"mae-avertizeaza-transportul-public-dintr-o-tara-europeana-paralizat-in-urma-unei-greve-nationale","status":"publish","type":"post","link":"https:\/\/247stiri.ro\/index.php\/2025\/03\/27\/mae-avertizeaza-transportul-public-dintr-o-tara-europeana-paralizat-in-urma-unei-greve-nationale\/","title":{"rendered":"MAE avertizeaz\u0103: Transportul public dintr-o \u021bar\u0103 european\u0103, paralizat \u00een urma unei greve na\u021bionale"},"content":{"rendered":"<p>Sunt preconizate perturb\u0103ri la nivelul transportului public \u00een comun, inclusiv cel feroviar, din \u00eentreaga \u021bar\u0103. Persoanele care inten\u021bioneaz\u0103 s\u0103 c\u0103l\u0103toreasc\u0103 \u00een Regatul Belgiei\/Bruxelles sunt rugate s\u0103 urm\u0103reasc\u0103 paginile de internet ale companiilor de transport aerian \u0219i transport public: <a href=\"http:\/\/ww.brusselsairport.be\/en\/passengers\/flights\/departing\" target=\"_blank\">www.brusselsairport.be\/en\/passengers\/flights\/departing<\/a>;\u00a0<a href=\"http:\/\/www.brussels-charleroi-airport.com\/fr\" target=\"_blank\">www.brussels-charleroi-airport.com\/fr<\/a>;\u00a0<a href=\"http:\/\/www.stib-mivb.be\/visit.html?l=fr\" target=\"_blank\">www.stib-mivb.be\/visit.html?l=fr<\/a>.Cet\u0103\u021benii rom\u00e2ni pot solicita asisten\u021b\u0103 consular\u0103 la numerele de telefon ale Ambasadei Rom\u00e2niei la Bruxelles: +32 (0) 2 347 5338, +32 (0) 2 344 1658, +32 (0)2 343 69 35, apelurile fiind redirec\u021bionate c\u0103tre Centrul de Contact \u0219i Suport al Cet\u0103\u021benilor Rom\u00e2ni din Str\u0103in\u0103tate (CCSCRS) \u0219i preluate de c\u0103tre operatorii Call Center \u00een regim de permanen\u021b\u0103.De asemenea, cet\u0103\u021benii rom\u00e2ni care se confrunt\u0103 cu o situa\u021bie dificil\u0103, special\u0103, cu un caracter de urgen\u021b\u0103, pot apela la telefonul de permanen\u021b\u0103 al Ambasadei Rom\u00e2niei \u00een Belgia: + 32(0) 497 428663.\u00a0<\/p>\n<p><a title=\"Avertisment MAE: Ungaria interzice mai multe tipuri de transport catre Romania. Care este cauza\" href=\"https:\/\/www.realitatea.net\/stiri\/actual\/avertisment-mae-ungaria-interzice-mai-multe-tipuri-de-transporturi-catre-romania-care-este-cauza_67e581a61a777a2dd957fbe8\">Avertisment MAE: Ungaria interzice mai multe tipuri de transport c\u0103tre Rom\u00e2nia. Care este cauza<\/a><\/p>","protected":false},"excerpt":{"rendered":"<p>Sunt preconizate perturb\u0103ri la nivelul transportului public \u00een comun, inclusiv cel feroviar, din \u00eentreaga \u021bar\u0103.&hellip;<\/p>\n","protected":false},"author":0,"featured_media":43141,"comment_status":"open","ping_status":"open","sticky":false,"template":"","format":"standard","meta":{"footnotes":""},"categories":[2],"tags":[],"class_list":["post-43152","post","type-post","status-publish","format-standard","has-post-thumbnail","hentry","category-actual"],"_links":{"self":[{"href":"https:\/\/247stiri.ro\/index.php\/wp-json\/wp\/v2\/posts\/43152","targetHints":{"allow":["GET"]}}],"collection":[{"href":"https:\/\/247stiri.ro\/index.php\/wp-json\/wp\/v2\/posts"}],"about":[{"href":"https:\/\/247stiri.ro\/index.php\/wp-json\/wp\/v2\/types\/post"}],"replies":[{"embeddable":true,"href":"https:\/\/247stiri.ro\/index.php\/wp-json\/wp\/v2\/comments?post=43152"}],"version-history":[{"count":0,"href":"https:\/\/247stiri.ro\/index.php\/wp-json\/wp\/v2\/posts\/43152\/revisions"}],"wp:featuredmedia":[{"embeddable":true,"href":"https:\/\/247stiri.ro\/index.php\/wp-json\/wp\/v2\/media\/43141"}],"wp:attachment":[{"href":"https:\/\/247stiri.ro\/index.php\/wp-json\/wp\/v2\/media?parent=43152"}],"wp:term":[{"taxonomy":"category","embeddable":true,"href":"https:\/\/247stiri.ro\/index.php\/wp-json\/wp\/v2\/categories?post=43152"},{"taxonomy":"post_tag","embeddable":true,"href":"https:\/\/247stiri.ro\/index.php\/wp-json\/wp\/v2\/tags?post=43152"}],"curies":[{"name":"wp","href":"https:\/\/api.w.org\/{rel}","templated":true}]}}