{"id":43155,"date":"2025-03-27T17:44:53","date_gmt":"2025-03-27T17:44:53","guid":{"rendered":"https:\/\/247stiri.ro\/index.php\/2025\/03\/27\/ccr-a-respins-sesizarile-aur-pot-si-s-o-s-pe-legile-privind-doborarea-dronelor-si-desfasurarea-misiunilor-militare-pe-timp-de-pace\/"},"modified":"2025-03-27T17:44:53","modified_gmt":"2025-03-27T17:44:53","slug":"ccr-a-respins-sesizarile-aur-pot-si-s-o-s-pe-legile-privind-doborarea-dronelor-si-desfasurarea-misiunilor-militare-pe-timp-de-pace","status":"publish","type":"post","link":"https:\/\/247stiri.ro\/index.php\/2025\/03\/27\/ccr-a-respins-sesizarile-aur-pot-si-s-o-s-pe-legile-privind-doborarea-dronelor-si-desfasurarea-misiunilor-militare-pe-timp-de-pace\/","title":{"rendered":"CCR  a respins sesiz\u0103rile AUR, POT \u0219i S.O.S. pe legile privind dobor\u00e2rea dronelor \u0219i desf\u0103\u0219urarea misiunilor militare pe timp de pace"},"content":{"rendered":"<p>Curtea Constitu\u021bional\u0103 a stabilit, \u00een urma \u0219edin\u021bei de azi, c\u0103 cele dou\u0103 legi sunt constitu\u021bionale.<\/p>\n<p>Pe data de 3 martie, AUR, SOS \u015fi POT au atacat la CCR legile care permit Armatei s\u0103 doboare dronele care \u00eencalc\u0103 spa\u021biul aerian al Rom\u00e2niei.\u00a0<\/p>\n<p>\u00cen demersul lor, cele trei partide au sus\u021binut faptul c\u0103 legea \u00eencalc\u0103 prevederile privind rolul Pre\u0219edintelui Rom\u00e2niei \u0219i al CSAT \u0219i interdi\u021biile articolului \u201e8 din Constitu\u021bie privind for\u021bele armate care spune c\u0103 armata este subordonat\u0103 voin\u021bei poporului rom\u00e2n, \u201epentru garantarea suveranit\u0103\u0163ii, a independen\u0163ei \u015fi a unit\u0103\u0163ii statului, a integrit\u0103\u0163ii teritoriale a \u0163\u0103rii \u015fi a democra\u0163iei constitu\u0163ionale. \u00cen condi\u0163iile legii \u015fi ale tratatelor interna\u0163ionale la care Rom\u00e2nia este parte, armata contribuie la ap\u0103rarea colectiv\u0103 \u00een sistemele de alian\u0163\u0103 militar\u0103 \u015fi particip\u0103 la ac\u0163iuni privind men\u0163inerea sau restabilirea p\u0103cii\u201d.<\/p>\n<p>\u00cen plus, \u00een textul sesiz\u0103rii se mai arat\u0103 c\u0103,\u00a0\u201earmata nu va mai fi subordonat\u0103 voin\u021bei poporului rom\u00e2n, ci voin\u021bei altor popoare ai c\u0103ror cet\u0103\u021beni sunt comandan\u021bii for\u021belor militare aliate sau autorit\u0103\u021bile militare aliate\u201d.<\/p>\n<p>Ce prev\u0103d cele dou\u0103 legi<\/p>\n<p>Senatul a adoptat la finalul lunii februarie, \u00een calitate de for decizional, proiectul legislativ privind controlul utiliz\u0103rii spa\u021biului aerian.<\/p>\n<p>Ini\u021biativa legislativ\u0103 are ca obiect de reglementare o serie de m\u0103suri pentru controlul utiliz\u0103rii spa\u021biului aerian na\u021bional, stabilind autorit\u0103\u021bile \u0219i institu\u021biile care au competen\u021be \u00een luarea m\u0103surilor de prevenire \u0219i contracarare a utiliz\u0103rii spa\u021biului aerian na\u021bional de c\u0103tre aeronave, sisteme de aeronave f\u0103r\u0103 pilot la bord \u0219i alte vehicule aeriene.<\/p>\n<p>Astfel, se va crea un nou cadru de cooperare \u0219i coordonare la nivelul autorit\u0103\u021bilor \u0219i institu\u021biilor care au competen\u021be \u00een gestionarea \u0219i monitorizarea spa\u021biului aerian na\u021bional, precum \u0219i de asigurare a respect\u0103rii regulilor de utilizare a acestuia, ceea ce contribuie la cre\u0219terea siguran\u021bei \u0219i securit\u0103\u021bii avia\u021biei.<\/p>\n<p><a title=\"Ministrul Apararii, Angel Tilvar, intrevedere cu seful NATO. Ce au discutat cei doi oficiali\" href=\"https:\/\/www.realitatea.net\/stiri\/actual\/ministrul-apararii-angel-tilvar-intrevedere-cu-seful-nato-ce-au-discutat-cei-doi-oficiali_67e3120c3642df4597559dc2\">Ministrul Ap\u0103r\u0103rii, Angel T\u00eelv\u0103r, \u00eentrevedere cu \u0219eful NATO. Ce au discutat cei doi oficiali<\/a><\/p>\n<p>Potrivit unui amendament, se constituie situa\u021bii \u00een care o aeronav\u0103 utilizeaz\u0103 neautorizat spa\u021biul aerian na\u021bional \u0219i urm\u0103toarele:* unit\u0103\u021bile de trafic aerian sau serviciile militare de supraveghere \u0219i control utilizare spa\u021biu aerian primesc informa\u021bii referitoare la producerea unui act de interven\u021bie ilicit\u0103 la bordul aeronavei, chiar dac\u0103 se respect\u0103 autorizarea primit\u0103;* unit\u0103\u021bile de trafic aerian sau serviciile militare de supraveghere \u0219i control utilizare spa\u021biu aerian primesc informa\u021bii referitoare la existen\u021ba la bordul aeronavei a unor substan\u021be sau materiale periculoase, care ar putea fi folosite \u00eentr-un act de terorism;* unit\u0103\u021bile de trafic aerian sau serviciile militare de supraveghere \u0219i control utilizare spa\u021biu aerian primesc informa\u021bii cu privire la existen\u021ba la bordul aeronavei a unor bunuri sau persoane care, conform obliga\u021biilor, angajamentelor asumate de Rom\u00e2nia prin tratatele interna\u021bionale la care este parte sau sanc\u021biunilor interna\u021bionale instituite prin actele prev\u0103zute la art. 1 alin. (1) din OUG nr. 202\/2008 privind punerea \u00een aplicare a sanc\u021biunilor interna\u021bionale, aprobat\u0103 cu modific\u0103ri prin Legea nr. 217\/2009, cu modific\u0103rile \u0219i complet\u0103rile ulterioare, fac obiectul unor restric\u021bii privind utilizarea spa\u021biului aerian na\u021bional.<\/p>\n<p>Persoanele de drept public \u0219i privat care au \u00een proprietate, opereaz\u0103 sau administreaz\u0103 obiective care necesit\u0103 m\u0103suri de protec\u021bie contra amenin\u021b\u0103rilor specifice sistemelor de aeronave f\u0103r\u0103 pilot la bord au obliga\u021bia de a implementa \u0219i de a men\u021bine m\u0103suri de protec\u021bie a acestor obiective, prevede un alt amendament.<\/p>\n<p>Potrivit proiectului, prin hot\u0103r\u00e2re a Consiliului Suprem de Ap\u0103rare a \u021a\u0103rii se stabilesc: obiectivele care necesit\u0103 m\u0103suri de protec\u021bie contra amenin\u021b\u0103rilor specifice sistemelor de aeronave f\u0103r\u0103 pilot la bord prev\u0103zute \u00een proiect; cerin\u021bele tehnice generale ale echipamentelor \u0219i sistemelor prev\u0103zute, la propunerea structurilor din sistemul na\u021bional de ap\u0103rare, ordine public\u0103 \u0219i securitate na\u021bional\u0103.<\/p>\n<p>Senatul a mai adoptat, \u00een calitate de for legislativ decizional, proiectul de lege care reglementeaz\u0103 desf\u0103\u0219urarea pe timp de pace a misiunilor \u0219i opera\u021biilor militare pe teritoriul statului rom\u00e2n atunci c\u00e2nd nu este instituit\u0103 starea de urgen\u021b\u0103, de asediu, de mobilizare ori de r\u0103zboi.<\/p>\n<p>Conform actului normativ, structurile desemnate din Armata Rom\u00e2niei, \u00een func\u021bie de necesit\u0103\u021bile opera\u021bionale, vor putea fi transferate, pentru perioade determinate de timp, sub diferite grade de autoritate, \u00een rela\u021bia cu comandantul for\u021belor armate str\u0103ine care conduce o opera\u021bie militar\u0103 pe teritoriul statului rom\u00e2n.<\/p>\n<p>Desf\u0103\u0219urarea acestor misiuni \u0219i opera\u021bii militare se va realiza \u00een cazul iminen\u021bei sau existen\u021bei unor ac\u021biuni, fapte sau st\u0103ri de fapt, capacit\u0103\u021bi, strategii, inten\u021bii ori planuri ce pot afecta valorile, interesele \u0219i obiectivele na\u021bionale de securitate \u0219i\/sau sunt de natur\u0103 s\u0103 pun\u0103 \u00een pericol direct sau indirect securitatea na\u021bional\u0103, prin afectarea caracterului na\u021bional, a suveranit\u0103\u021bii, independen\u021bei, unit\u0103\u021bii \u0219i integrit\u0103\u021bii teritoriale, a func\u021bion\u0103rii normale a institu\u021biilor statului \u0219i a unit\u0103\u021bilor administrativ-teritoriale, a vie\u021bii \u0219i integrit\u0103\u021bii fizice a cet\u0103\u021benilor, prevede actul normativ.<\/p>\n<p><a title='Romania a luat amenintarea razboiului in serios: ,,Pana la finalul anului o sa avem dronele noastre\"' href=\"https:\/\/www.realitatea.net\/stiri\/actual\/romania-a-luat-amenintarea-razboiului-in-serios-pana-la-finalul-anului-o-sa-avem-dronele-noastre_67e3e826f2803b792a2482c2\">Rom\u00e2nia a luat amenin\u021barea r\u0103zboiului \u00een serios: \u201eP\u00e2n\u0103 la finalul anului o s\u0103 avem dronele noastre\u201d<\/a><\/p>\n<p>De asemenea, misiunile \u0219i opera\u021biile militare se execut\u0103 de c\u0103tre for\u021bele armate \u00een mod exclusiv sau cu participarea for\u021belor armate str\u0103ine, cu respectarea legisla\u021biei Rom\u00e2niei, a tratatelor interna\u021bionale, acordurilor bilaterale \u0219i multilaterale \u0219i \u00een\u021belegerilor tehnice \u00eencheiate cu for\u021bele armate str\u0103ine.<\/p>\n<p>\u2018Ini\u021bierea misiunilor \u0219i opera\u021biilor militare pe teritoriul statului rom\u00e2n se aprob\u0103 de c\u0103tre pre\u0219edintele Rom\u00e2niei, la propunerea Consiliului Suprem de Ap\u0103rare a \u021a\u0103rii, \u00een condi\u021biile \u00een care indicatorii \u0219i avertiz\u0103rile stabilite prin planuri arat\u0103 o deteriorare a mediului de securitate interna\u021bional sau regional \u0219i iminen\u021ba unor riscuri de securitate la adresa statului rom\u00e2n\u2019, stipuleaz\u0103 proiectul.<\/p>\n<p>Proiectul mai prevede c\u0103 \u201epe timpul desf\u0103\u0219ur\u0103rii misiunilor \u0219i opera\u021biilor militare, pe teritoriul statului rom\u00e2n, cu participarea for\u021belor armate str\u0103ine, comandantului rom\u00e2n desemnat s\u0103 conduc\u0103 misiunea sau opera\u021bia militar\u0103 \u00eei pot fi transferate, sub diferite grade de autoritate, for\u021bele armate str\u0103ine participante, \u00een limitele stabilite prin mesajul privind transferul de autoritate\u201d.<\/p>\n<p>Totodat\u0103, \u201estructurile desemnate din cadrul Armatei Rom\u00e2niei, \u00een func\u021bie de necesit\u0103\u021bile opera\u021bionale, pot fi transferate pentru perioade determinate de timp, sub diferite grade de autoritate \u00een rela\u021bia cu comandantul for\u021belor armate str\u0103ine care conduce o opera\u021bie militar\u0103 pe teritoriul statului rom\u00e2n, \u00een limitele stabilite prin mesajul privind transferul de autoritate, semnat de c\u0103tre \u0219eful Statului Major al Ap\u0103r\u0103rii \u0219i prin \u00een\u021belegerile tehnice \u00eencheiate \u00een acest sens\u201d, se mai arat\u0103 \u00een actul normativ.<\/p>\n<p>\u00cen func\u021bie de dinamica situa\u021biei opera\u021bionale, \u0219eful Statului-Major al Ap\u0103r\u0103rii poate dispune \u00eencetarea transferului de autoritate asupra for\u021belor Armatei Rom\u00e2niei participante la misiuni \u0219i opera\u021bii militare pe teritoriul statului rom\u00e2n.<\/p>\n<p>Fondurile necesare particip\u0103rii for\u021belor Armatei Rom\u00e2niei la misiuni \u0219i opera\u021bii militare pe teritoriul statului rom\u00e2n se asigur\u0103 de la bugetul de stat, prin bugetul Ministerului Ap\u0103r\u0103rii Na\u021bionale.<\/p>\n<p><a href=\"https:\/\/www.realitatea.net\/stiri\/actual\/george-simion-avertisment-de-la-summitul-conservatorilor-nu-simtim-nevoia-unei-armate-europene-nu-credem-ca-este-viabila-aceasta-formula_67e5643b684a776e257262f3\" target=\"_blank\">George Simion, avertisment de la summitul conservatorilor: Nu sim\u021bim nevoia unei armate europene, nu credem c\u0103 este viabil\u0103 aceast\u0103 formul\u0103<\/a><\/p>","protected":false},"excerpt":{"rendered":"<p>Curtea Constitu\u021bional\u0103 a stabilit, \u00een urma \u0219edin\u021bei de azi, c\u0103 cele dou\u0103 legi sunt constitu\u021bionale.&hellip;<\/p>\n","protected":false},"author":0,"featured_media":43156,"comment_status":"open","ping_status":"open","sticky":false,"template":"","format":"standard","meta":{"footnotes":""},"categories":[2],"tags":[],"class_list":["post-43155","post","type-post","status-publish","format-standard","has-post-thumbnail","hentry","category-actual"],"_links":{"self":[{"href":"https:\/\/247stiri.ro\/index.php\/wp-json\/wp\/v2\/posts\/43155","targetHints":{"allow":["GET"]}}],"collection":[{"href":"https:\/\/247stiri.ro\/index.php\/wp-json\/wp\/v2\/posts"}],"about":[{"href":"https:\/\/247stiri.ro\/index.php\/wp-json\/wp\/v2\/types\/post"}],"replies":[{"embeddable":true,"href":"https:\/\/247stiri.ro\/index.php\/wp-json\/wp\/v2\/comments?post=43155"}],"version-history":[{"count":0,"href":"https:\/\/247stiri.ro\/index.php\/wp-json\/wp\/v2\/posts\/43155\/revisions"}],"wp:featuredmedia":[{"embeddable":true,"href":"https:\/\/247stiri.ro\/index.php\/wp-json\/wp\/v2\/media\/43156"}],"wp:attachment":[{"href":"https:\/\/247stiri.ro\/index.php\/wp-json\/wp\/v2\/media?parent=43155"}],"wp:term":[{"taxonomy":"category","embeddable":true,"href":"https:\/\/247stiri.ro\/index.php\/wp-json\/wp\/v2\/categories?post=43155"},{"taxonomy":"post_tag","embeddable":true,"href":"https:\/\/247stiri.ro\/index.php\/wp-json\/wp\/v2\/tags?post=43155"}],"curies":[{"name":"wp","href":"https:\/\/api.w.org\/{rel}","templated":true}]}}