{"id":43157,"date":"2025-03-27T17:44:54","date_gmt":"2025-03-27T17:44:54","guid":{"rendered":"https:\/\/247stiri.ro\/index.php\/2025\/03\/27\/scutire-medicala-pentru-a-evita-lucrul-cu-banii-si-cu-oamenii-incredibil-ce-decizie-a-luat-o-romanca-care-lucreaza-la-primarie\/"},"modified":"2025-03-27T17:44:54","modified_gmt":"2025-03-27T17:44:54","slug":"scutire-medicala-pentru-a-evita-lucrul-cu-banii-si-cu-oamenii-incredibil-ce-decizie-a-luat-o-romanca-care-lucreaza-la-primarie","status":"publish","type":"post","link":"https:\/\/247stiri.ro\/index.php\/2025\/03\/27\/scutire-medicala-pentru-a-evita-lucrul-cu-banii-si-cu-oamenii-incredibil-ce-decizie-a-luat-o-romanca-care-lucreaza-la-primarie\/","title":{"rendered":"Scutire medical\u0103 pentru a evita lucrul cu banii \u0219i cu oamenii. Incredibil ce decizie a luat o rom\u00e2nc\u0103 care lucreaz\u0103 la prim\u0103rie"},"content":{"rendered":"<p>Situa\u021bie inedit\u0103 la Prim\u0103ria din Bistri\u021ba<\/p>\n<p><a href=\"https:\/\/www.realitatea.net\/stiri\/actual\/angajata-a-unei-clinici-private-acuzata-de-falsificare-de-stampile-si-eliberare-ilegala-de-concedii-medicale_67c083053bc9e4125e01f2a3\" target=\"_blank\">Cazul a fost f\u0103cut public<\/a> de primarul Gabriel Lazany, care \u0219i-a exprimat surprinderea fa\u021b\u0103 de aceast\u0103 solicitare neobi\u0219nuit\u0103. Edilul a precizat c\u0103 angajata a ob\u021binut un document medical care atest\u0103 dificultatea de a lucra cu bani \u0219i persoane, motiv pentru care ar trebui s\u0103 primeasc\u0103 alte responsabilit\u0103\u021bi \u00een cadrul institu\u021biei.<\/p>\n<p>\u201eVoi avea o discu\u021bie cu medicul de Medicina Muncii, pentru c\u0103 nu mi se pare normal ca un func\u021bionar angajat la casierie s\u0103 primeasc\u0103 o scutire medical\u0103 pentru a evita exact sarcinile care definesc postul s\u0103u. Dac\u0103 aceasta este natura muncii sale, cum poate fi scutit\u0103? Sunt aspecte pe care le voi verifica \u00een detaliu\u201d, a declarat primarul Lazany \u00eentr-o emisiune local\u0103, potrivit Bistriteanul.ro.<\/p>\n<p>Autorit\u0103\u021bile urmeaz\u0103 s\u0103 analizeze situa\u021bia pentru a decide <a href=\"https:\/\/www.realitatea.net\/stiri\/actual\/halucinant-o-angajata-sri-a-furat-peste-900000-de-lei-din-banul-public-ca-sa-ii-dea-unui-escroc-sentimental-cum-a-pacalito-pe-agenta_67994b22f019a6264d2739e3\" target=\"_blank\">m\u0103surile care se impun<\/a> \u00een acest caz atipic.<\/p>","protected":false},"excerpt":{"rendered":"<p>Situa\u021bie inedit\u0103 la Prim\u0103ria din Bistri\u021ba Cazul a fost f\u0103cut public de primarul Gabriel Lazany,&hellip;<\/p>\n","protected":false},"author":0,"featured_media":43158,"comment_status":"open","ping_status":"open","sticky":false,"template":"","format":"standard","meta":{"footnotes":""},"categories":[2],"tags":[],"class_list":["post-43157","post","type-post","status-publish","format-standard","has-post-thumbnail","hentry","category-actual"],"_links":{"self":[{"href":"https:\/\/247stiri.ro\/index.php\/wp-json\/wp\/v2\/posts\/43157","targetHints":{"allow":["GET"]}}],"collection":[{"href":"https:\/\/247stiri.ro\/index.php\/wp-json\/wp\/v2\/posts"}],"about":[{"href":"https:\/\/247stiri.ro\/index.php\/wp-json\/wp\/v2\/types\/post"}],"replies":[{"embeddable":true,"href":"https:\/\/247stiri.ro\/index.php\/wp-json\/wp\/v2\/comments?post=43157"}],"version-history":[{"count":0,"href":"https:\/\/247stiri.ro\/index.php\/wp-json\/wp\/v2\/posts\/43157\/revisions"}],"wp:featuredmedia":[{"embeddable":true,"href":"https:\/\/247stiri.ro\/index.php\/wp-json\/wp\/v2\/media\/43158"}],"wp:attachment":[{"href":"https:\/\/247stiri.ro\/index.php\/wp-json\/wp\/v2\/media?parent=43157"}],"wp:term":[{"taxonomy":"category","embeddable":true,"href":"https:\/\/247stiri.ro\/index.php\/wp-json\/wp\/v2\/categories?post=43157"},{"taxonomy":"post_tag","embeddable":true,"href":"https:\/\/247stiri.ro\/index.php\/wp-json\/wp\/v2\/tags?post=43157"}],"curies":[{"name":"wp","href":"https:\/\/api.w.org\/{rel}","templated":true}]}}