{"id":43172,"date":"2025-03-27T18:44:50","date_gmt":"2025-03-27T18:44:50","guid":{"rendered":"https:\/\/247stiri.ro\/index.php\/2025\/03\/27\/incident-socant-pe-o-strada-din-romania-o-femeie-a-fost-agresata-de-o-fata-de-10-ani-si-un-baiat-de-11-ani\/"},"modified":"2025-03-27T18:44:50","modified_gmt":"2025-03-27T18:44:50","slug":"incident-socant-pe-o-strada-din-romania-o-femeie-a-fost-agresata-de-o-fata-de-10-ani-si-un-baiat-de-11-ani","status":"publish","type":"post","link":"https:\/\/247stiri.ro\/index.php\/2025\/03\/27\/incident-socant-pe-o-strada-din-romania-o-femeie-a-fost-agresata-de-o-fata-de-10-ani-si-un-baiat-de-11-ani\/","title":{"rendered":"Incident \u0219ocant pe o strad\u0103 din Rom\u00e2nia: o femeie a fost agresat\u0103 de o fat\u0103 de 10 ani \u0219i un b\u0103iat de 11 ani"},"content":{"rendered":"<p>Cum s-a petrecut incidentul<\/p>\n<p><a href=\"https:\/\/www.realitatea.net\/stiri\/actual\/scandal-de-amploare-in-parcare-un-barbat-a-lovit-o-femeie-si-ia-prins-piciorul-intre-portiera-si-caroseria-masinii_67e5756db6a160464954c0e2\" target=\"_blank\">Conform primelor cercet\u0103ri,<\/a> agresorii sunt o fat\u0103 de 10 ani \u0219i un b\u0103iat de 11 ani, care au lovit-o pe femeie \u00een timp ce aceasta se deplasa pe strad\u0103. Un echipaj de ordine public\u0103 s-a deplasat imediat la fa\u021ba locului pentru a investiga situa\u021bia.<\/p>\n<p>\u201ePoli\u021bi\u0219tii au stabilit c\u0103 femeia ar fi fost agresat\u0103 de cei doi minori, f\u0103r\u0103 un motiv \u00eentemeiat. Victima a fost transportat\u0103 la Spitalul de Urgen\u021b\u0103 din Petro\u0219ani pentru \u00eengrijiri medicale de specialitate\u201d, a transmis IPJ Hunedoara.<\/p>\n<p>\u00cen acest caz, autorit\u0103\u021bile au deschis un <a href=\"https:\/\/www.realitatea.net\/stiri\/actual\/incident-socant-intro-statie-de-tramvai-din-romania-un-individ-a-fost-prins-in-timp-ce-atingea-femeile-in-zona-intima_6761cf74f6ac4433fa379ec2\" target=\"_blank\">dosar penal pentru lovire sau alte violen\u021be<\/a>, iar cercet\u0103rile continu\u0103 pentru a clarifica toate \u00eemprejur\u0103rile incidentului \u0219i pentru a dispune m\u0103surile legale necesare.<\/p>","protected":false},"excerpt":{"rendered":"<p>Cum s-a petrecut incidentul Conform primelor cercet\u0103ri, agresorii sunt o fat\u0103 de 10 ani \u0219i&hellip;<\/p>\n","protected":false},"author":0,"featured_media":43173,"comment_status":"open","ping_status":"open","sticky":false,"template":"","format":"standard","meta":{"footnotes":""},"categories":[2],"tags":[],"class_list":["post-43172","post","type-post","status-publish","format-standard","has-post-thumbnail","hentry","category-actual"],"_links":{"self":[{"href":"https:\/\/247stiri.ro\/index.php\/wp-json\/wp\/v2\/posts\/43172","targetHints":{"allow":["GET"]}}],"collection":[{"href":"https:\/\/247stiri.ro\/index.php\/wp-json\/wp\/v2\/posts"}],"about":[{"href":"https:\/\/247stiri.ro\/index.php\/wp-json\/wp\/v2\/types\/post"}],"replies":[{"embeddable":true,"href":"https:\/\/247stiri.ro\/index.php\/wp-json\/wp\/v2\/comments?post=43172"}],"version-history":[{"count":0,"href":"https:\/\/247stiri.ro\/index.php\/wp-json\/wp\/v2\/posts\/43172\/revisions"}],"wp:featuredmedia":[{"embeddable":true,"href":"https:\/\/247stiri.ro\/index.php\/wp-json\/wp\/v2\/media\/43173"}],"wp:attachment":[{"href":"https:\/\/247stiri.ro\/index.php\/wp-json\/wp\/v2\/media?parent=43172"}],"wp:term":[{"taxonomy":"category","embeddable":true,"href":"https:\/\/247stiri.ro\/index.php\/wp-json\/wp\/v2\/categories?post=43172"},{"taxonomy":"post_tag","embeddable":true,"href":"https:\/\/247stiri.ro\/index.php\/wp-json\/wp\/v2\/tags?post=43172"}],"curies":[{"name":"wp","href":"https:\/\/api.w.org\/{rel}","templated":true}]}}