{"id":43174,"date":"2025-03-27T18:44:51","date_gmt":"2025-03-27T18:44:51","guid":{"rendered":"https:\/\/247stiri.ro\/index.php\/2025\/03\/27\/ministerul-de-externe-si-ministerul-de-interne-vor-colabora-cu-homeland-security-pentru-a-clarifica-suspendarea-aplicarii-visa-waiver\/"},"modified":"2025-03-27T18:44:51","modified_gmt":"2025-03-27T18:44:51","slug":"ministerul-de-externe-si-ministerul-de-interne-vor-colabora-cu-homeland-security-pentru-a-clarifica-suspendarea-aplicarii-visa-waiver","status":"publish","type":"post","link":"https:\/\/247stiri.ro\/index.php\/2025\/03\/27\/ministerul-de-externe-si-ministerul-de-interne-vor-colabora-cu-homeland-security-pentru-a-clarifica-suspendarea-aplicarii-visa-waiver\/","title":{"rendered":"Ministerul de Externe \u0219i Ministerul de Interne vor colabora cu Homeland Security pentru a clarifica suspendarea aplic\u0103rii Visa Waiver"},"content":{"rendered":"<p>\u201dSunt dou\u0103 ministere care au lucrat pentru a se ajunge la acest proiect, e vorba de Ministerul de Externe \u0219i Ministerul de Interne, \u0219i cele dou\u0103 ministere vor colabora \u00een perioada urm\u0103toare cu Homeland Security pentru a clarifica aspectele care \u021bin de suspendarea aplic\u0103rii acestei proceduri \u0219i sunt convins c\u0103 \u00een perioada urm\u0103toare ve\u021bi vedea preciz\u0103ri \u00een acest sens. Cele dou\u0103 ministere care au competen\u021be tehnice \u0219i institu\u021bionale \u00een acest domeniu, care au lucrat ani de zile, \u0219tiu exact care sunt condi\u021biile \u0219i pot clarifica aceste aspecte\u201d, a spus Bolojan, la Paris, dup\u0103 reuniunea \u0219efilor de stat \u0219i de guvern ai \u201dCoalition of the willing\u201d privind securitatea \u00een Ucraina.<\/p>\n<p>El a fost \u00eentrebat dac\u0103 va exista un \u00eens\u0103rcinat special din partea Rom\u00e2niei care s\u0103 negocieze cu SUA \u00een ceea ce prive\u0219te programul de vize.<\/p>\n<p><a title='Fox News, reportaj despre \"invazia\" romanilor care trec ilegal granita in SUA, cu cateva ore inainte de anuntul privind amanarea programului Visa Waiver' href=\"https:\/\/www.realitatea.net\/stiri\/actual\/fox-news-reportaj-despre-invazia-romanilor-care-trec-ilegal-granita-in-sua-cu-cateva-ore-inainte-de-anuntul-privind-amanarea-programului-visa-waiver_67e316063642df4597559dc8\">Fox News, reportaj despre &#8222;invazia&#8221; rom\u00e2nilor care trec ilegal grani\u021ba \u00een SUA, cu c\u00e2teva ore \u00eenainte de anun\u021bul privind am\u00e2narea programului Visa Waiver<\/a>Implementarea programului Visa Waiver (VWP) pentru Rom\u00e2nia este \u00een curs de evaluare, opera\u021bionalizarea sistemului ESTA urmeaz\u0103 s\u0103 fie am\u00e2nat\u0103 p\u00e2n\u0103 la o dat\u0103 care va fi anun\u021bat\u0103 de partea american\u0103, a informat, mar\u021bi, Ministerul Afacerilor Externe (MAE), citat de Agerpres.Tot mar\u021bi, Departamentul pentru Securitate intern\u0103 al SUA (DHS) a anun\u021bat c\u0103 Guvernul american evalueaz\u0103 recenta desemnare a Rom\u00e2niei de intrare \u00een VWP, pentru a se asigura c\u0103 \u00eendepline\u0219te cerin\u021bele stricte de securitate.\u201dPe durata acestei evalu\u0103ri, SUA \u00eentrerupe implementarea ESTA pentru cet\u0103\u021benii rom\u00e2ni. Aceast\u0103 \u00eentrerupere r\u0103m\u00e2ne valabil\u0103 p\u00e2n\u0103 la \u00eencheierea evalu\u0103rii. Rom\u00e2nii care doresc s\u0103 c\u0103l\u0103toreasc\u0103 \u00een SUA pentru o perioad\u0103 scurt\u0103 de timp \u00een scop de afaceri sau turism trebuie s\u0103 solicite \u00een continuare o viz\u0103 de tip B la ambasada sau consulatul SUA\u201d, arat\u0103 DHS.<\/p>\n<p><a title=\"Ciolacu explica suspendarea ridicarii vizelor pentru SUA: Anuntul nu e legat de Romania\" href=\"https:\/\/www.realitatea.net\/stiri\/politica\/ciolacu-explica-suspendarea-ridicarii-vizelor-pentru-sua-anuntul-nu-e-legat-de-romania_67e3f5053525e113b35ee082\">Ciolacu explic\u0103 suspendarea ridic\u0103rii vizelor pentru SUA: Anun\u0163ul nu e legat de Rom\u00e2nia<\/a><\/p>","protected":false},"excerpt":{"rendered":"<p>\u201dSunt dou\u0103 ministere care au lucrat pentru a se ajunge la acest proiect, e vorba&hellip;<\/p>\n","protected":false},"author":0,"featured_media":43175,"comment_status":"open","ping_status":"open","sticky":false,"template":"","format":"standard","meta":{"footnotes":""},"categories":[2],"tags":[],"class_list":["post-43174","post","type-post","status-publish","format-standard","has-post-thumbnail","hentry","category-actual"],"_links":{"self":[{"href":"https:\/\/247stiri.ro\/index.php\/wp-json\/wp\/v2\/posts\/43174","targetHints":{"allow":["GET"]}}],"collection":[{"href":"https:\/\/247stiri.ro\/index.php\/wp-json\/wp\/v2\/posts"}],"about":[{"href":"https:\/\/247stiri.ro\/index.php\/wp-json\/wp\/v2\/types\/post"}],"replies":[{"embeddable":true,"href":"https:\/\/247stiri.ro\/index.php\/wp-json\/wp\/v2\/comments?post=43174"}],"version-history":[{"count":0,"href":"https:\/\/247stiri.ro\/index.php\/wp-json\/wp\/v2\/posts\/43174\/revisions"}],"wp:featuredmedia":[{"embeddable":true,"href":"https:\/\/247stiri.ro\/index.php\/wp-json\/wp\/v2\/media\/43175"}],"wp:attachment":[{"href":"https:\/\/247stiri.ro\/index.php\/wp-json\/wp\/v2\/media?parent=43174"}],"wp:term":[{"taxonomy":"category","embeddable":true,"href":"https:\/\/247stiri.ro\/index.php\/wp-json\/wp\/v2\/categories?post=43174"},{"taxonomy":"post_tag","embeddable":true,"href":"https:\/\/247stiri.ro\/index.php\/wp-json\/wp\/v2\/tags?post=43174"}],"curies":[{"name":"wp","href":"https:\/\/api.w.org\/{rel}","templated":true}]}}