{"id":43186,"date":"2025-03-27T19:44:52","date_gmt":"2025-03-27T19:44:52","guid":{"rendered":"https:\/\/247stiri.ro\/index.php\/2025\/03\/27\/donald-tusk-transant-in-relatiile-cu-sua-europa-va-actiona-calm-si-rational-dar-nu-in-genunchi\/"},"modified":"2025-03-27T19:44:52","modified_gmt":"2025-03-27T19:44:52","slug":"donald-tusk-transant-in-relatiile-cu-sua-europa-va-actiona-calm-si-rational-dar-nu-in-genunchi","status":"publish","type":"post","link":"https:\/\/247stiri.ro\/index.php\/2025\/03\/27\/donald-tusk-transant-in-relatiile-cu-sua-europa-va-actiona-calm-si-rational-dar-nu-in-genunchi\/","title":{"rendered":"Donald Tusk, tran\u0219ant \u00een rela\u021biile cu SUA: Europa va ac\u021biona calm \u0219i ra\u021bional, dar \u201enu \u00een genunchi\u201d"},"content":{"rendered":"<p>Tusk, a c\u0103rui \u021bar\u0103 de\u021bine pre\u0219edin\u021bia rotativ\u0103 a Uniunii Europene, a f\u0103cut aceste comentarii la o zi dup\u0103 ce pre\u0219edintele american, Donald Trump, a anun\u021bat tarife suplimentare de 25 % pentru toate ma\u0219inile fabricate \u00een afara Statelor Unite.\u201dVom ac\u021biona cu siguran\u021b\u0103 \u00een mod ra\u021bional, calm, dar cu siguran\u021b\u0103 nu \u00een genunchi\u201d, a declarat Tusk, \u00een marja unei reuniuni la Paris a unei coali\u021bii de state care sprijin\u0103 Kievul.Potrivit \u0219efului guvernului polonez, \u201ddac\u0103 de cealalt\u0103 parte a Atlanticului auzim at\u00e2t de des declara\u021bii care arat\u0103 o lips\u0103 de simpatie pentru Europa, ca s\u0103 spunem a\u0219a, putem concluziona c\u0103 Europa este cea care trebuie s\u0103-\u0219i asume responsabilitatea de a asigura supravie\u021buirea acestei rela\u021bii transatlantice\u201d.<\/p>\n<p><a title=\"Hurezeanu ar putea ramane in functie dupa discutia de maine. SURSE: Un nou emisar special, responsabil de relatia cu SUA\" href=\"https:\/\/www.realitatea.net\/stiri\/actual\/hurezeanu-ar-putea-ramane-in-functie-dupa-discutia-de-maine-un-nou-emisar-special-responsabil-de-relatia-cu-sua_67e554f55d7abf6415593a32\">Hurezeanu ar putea r\u0103m\u00e2ne \u00een func\u021bie dup\u0103 discu\u021bia de m\u00e2ine. SURSE: Un nou emisar special, responsabil de rela\u021bia cu SUA<\/a>\u201dReac\u021bia noastr\u0103 ar trebui s\u0103 fie aceea de a ac\u021biona astfel \u00eenc\u00e2t s\u0103 putem supravie\u021bui acestei perioade dramatice, deoarece, pentru noi, problema bunelor rela\u021bii transatlantice este strategic\u0103\u201d, a declarat premierul polonez.Aceste rela\u021bii \u201dtrebuie s\u0103 supravie\u021buiasc\u0103 nu doar unui mandat, unui prim-ministru sau unui pre\u0219edinte de o parte sau de alta a Atlanticului\u201d, a subliniat premierul Poloniei, citat de Agerpres.<\/p>\n<p>Politicianul polonez a mai spus c\u0103 Europa ar trebui s\u0103 reac\u021bioneze cu c\u00e2t mai mult calm \u0219i solidaritate la anun\u021burile lui Trump, \u00een special \u00een ceea ce prive\u0219te politica vamal\u0103, indic\u00e2nd c\u0103 aceast\u0103 politic\u0103 este uneori \u201dsurprinz\u0103toare\u201d \u0219i \u201dspontan\u0103\u201d.<\/p>\n<p><a title=\"Ministerul de Externe si Ministerul de Interne vor colabora cu Homeland Security pentru a clarifica suspendarea aplicarii Visa Waiver\" href=\"https:\/\/www.realitatea.net\/stiri\/actual\/ministerul-de-externe-si-ministerul-de-interne-vor-colabora-cu-homeland-security-pentru-a-clarifica-suspendarea-aplicarii-visa-waiver_67e58f8867baa83deb125355\">Ministerul de Externe \u0219i Ministerul de Interne vor colabora cu Homeland Security pentru a clarifica suspendarea aplic\u0103rii Visa Waiver<\/a><\/p>","protected":false},"excerpt":{"rendered":"<p>Tusk, a c\u0103rui \u021bar\u0103 de\u021bine pre\u0219edin\u021bia rotativ\u0103 a Uniunii Europene, a f\u0103cut aceste comentarii la&hellip;<\/p>\n","protected":false},"author":0,"featured_media":43181,"comment_status":"open","ping_status":"open","sticky":false,"template":"","format":"standard","meta":{"footnotes":""},"categories":[2],"tags":[],"class_list":["post-43186","post","type-post","status-publish","format-standard","has-post-thumbnail","hentry","category-actual"],"_links":{"self":[{"href":"https:\/\/247stiri.ro\/index.php\/wp-json\/wp\/v2\/posts\/43186","targetHints":{"allow":["GET"]}}],"collection":[{"href":"https:\/\/247stiri.ro\/index.php\/wp-json\/wp\/v2\/posts"}],"about":[{"href":"https:\/\/247stiri.ro\/index.php\/wp-json\/wp\/v2\/types\/post"}],"replies":[{"embeddable":true,"href":"https:\/\/247stiri.ro\/index.php\/wp-json\/wp\/v2\/comments?post=43186"}],"version-history":[{"count":0,"href":"https:\/\/247stiri.ro\/index.php\/wp-json\/wp\/v2\/posts\/43186\/revisions"}],"wp:featuredmedia":[{"embeddable":true,"href":"https:\/\/247stiri.ro\/index.php\/wp-json\/wp\/v2\/media\/43181"}],"wp:attachment":[{"href":"https:\/\/247stiri.ro\/index.php\/wp-json\/wp\/v2\/media?parent=43186"}],"wp:term":[{"taxonomy":"category","embeddable":true,"href":"https:\/\/247stiri.ro\/index.php\/wp-json\/wp\/v2\/categories?post=43186"},{"taxonomy":"post_tag","embeddable":true,"href":"https:\/\/247stiri.ro\/index.php\/wp-json\/wp\/v2\/tags?post=43186"}],"curies":[{"name":"wp","href":"https:\/\/api.w.org\/{rel}","templated":true}]}}