{"id":43192,"date":"2025-03-27T20:46:19","date_gmt":"2025-03-27T20:46:19","guid":{"rendered":"https:\/\/247stiri.ro\/index.php\/2025\/03\/27\/o-jurnalista-pro-kremlin-a-murit-intr-o-explozie-la-granita-cu-ucraina-propagandista-lui-putin-a-fost-ucisa-de-o-mina-terestra\/"},"modified":"2025-03-27T20:46:19","modified_gmt":"2025-03-27T20:46:19","slug":"o-jurnalista-pro-kremlin-a-murit-intr-o-explozie-la-granita-cu-ucraina-propagandista-lui-putin-a-fost-ucisa-de-o-mina-terestra","status":"publish","type":"post","link":"https:\/\/247stiri.ro\/index.php\/2025\/03\/27\/o-jurnalista-pro-kremlin-a-murit-intr-o-explozie-la-granita-cu-ucraina-propagandista-lui-putin-a-fost-ucisa-de-o-mina-terestra\/","title":{"rendered":"O jurnalist\u0103 pro-Kremlin a murit \u00eentr-o explozie la grani\u021ba cu Ucraina. Propagandista lui Putin a fost ucis\u0103 de o min\u0103 terestr\u0103"},"content":{"rendered":"<p>Prokofieva, \u00een v\u00e2rst\u0103 de 35 de ani, era corespondent\u0103 de r\u0103zboi pentru Channel One, televiziunea de stat din Rusia. Incidentul a avut loc \u00een timp ce aceasta realiza un reportaj pe teren, a anun\u021bat postul TV \u00eentr-un comunicat oficial.<\/p>\n<p>Circumstan\u021bele tragediei<\/p>\n<p>Potrivit Channel One, vehiculul \u00een care se afla Prokofieva \u00eempreun\u0103 cu cameramanul Dmitry Volkov a declan\u0219at explozia unei mine, despre care sursele ruse afirm\u0103 c\u0103 ar fi fost plasat\u0103 de armata ucrainean\u0103. Volkov a supravie\u021buit, dar a suferit r\u0103ni grave. Regiunea Belgorod a fost frecvent \u021binta atacurilor cu drone \u0219i artilerie pe fondul intensific\u0103rii luptelor la frontier\u0103.<\/p>\n<p>Jurnalista a fost activ\u0103 pe re\u021belele sociale, unde publica frecvent imagini \u00een care ap\u0103rea fie \u00een uniform\u0103 militar\u0103, fie \u00een \u021binute casual, adesea al\u0103turi de solda\u021bi sau echipamente de r\u0103zboi. Un detaliu recurent \u00een post\u0103rile sale era simbolul \u201eZ\u201d, asociat cu sprijinul invaziei ruse \u00een Ucraina.<\/p>\n<p>Ultima sa postare, realizat\u0103 cu pu\u021bin timp \u00eenainte de moarte, a st\u00e2rnit controverse. \u00centr-o fotografie publicat\u0103 pe Telegram, Prokofieva ap\u0103rea \u00een uniform\u0103 militar\u0103, cu o camer\u0103 montat\u0103 pe cap, al\u0103turi de mesajul \u201eUndeva la grani\u021ba cu \u021bara 404&#8230;\u201d, o referire ironic\u0103 la Ucraina, suger\u00e2nd c\u0103 aceasta ar fi \u201einexistent\u0103\u201d, dup\u0103 modelul codului de eroare din mediul online.<\/p>\n<p>Devotamentul fa\u021b\u0103 de Kremlin<\/p>\n<p>Anna Prokofieva \u0219i-a exprimat <a href=\"https:\/\/www.realitatea.net\/stiri\/actual\/pozitie-ferma-a-sefului-nato-nu-va-exista-o-normalizare-a-relatiilor-cu-rusia-dupa-razboiul-din-ucraina_67e473af4c608b1d3319b9b8\" target=\"_blank\">sus\u021binerea necondi\u021bionat\u0103<\/a> pentru armata rus\u0103 \u00eenc\u0103 de la \u00eenceputul invaziei Ucrainei. La doar trei zile dup\u0103 declan\u0219area r\u0103zboiului, aceasta a publicat un mesaj ferm pe re\u021belele sociale: \u201eIndiferent ce se \u00eent\u00e2mpl\u0103, voi fi mereu de partea b\u0103ie\u021bilor no\u0219tri. M\u0103 pute\u021bi insulta, ur\u00ee, v\u0103 pute\u021bi dezabona sau blestema. Nu-mi pas\u0103! Sunt rusoaic\u0103, sunt patriot\u0103, \u00eemi iubesc \u021bara \u0219i am sus\u021binut \u00eentotdeauna For\u021bele noastre Armate.\u201d<\/p>\n<p>Moartea jurnalistei a st\u00e2rnit reac\u021bii variate, <a href=\"https:\/\/www.realitatea.net\/stiri\/actual\/vladimir-putin-are-pe-masa-15-scenarii-de-razboi-pana-in-2045-informatii-de-la-spionii-ucraineni_67e452acd3e58e4f4c2e3590\" target=\"_blank\">at\u00e2t \u00een Rusia<\/a>, c\u00e2t \u0219i pe scena interna\u021bional\u0103. Oficialii ru\u0219i au prezentat-o drept o victim\u0103 a conflictului, \u00een timp ce alte voci au remarcat contrastul dintre pozi\u021bia sa public\u0103 \u0219i realitatea r\u0103zboiului pe care \u00eel sus\u021binea.\u00a0<\/p>\n\n<p>\u00a0 \u00a0 \u00a0 \u00a0 \u00a0 \u00a0 \u00a0 \u00a0 \u00a0 \u00a0 \u00a0 \u00a0 \u00a0 \u00a0 \u00a0 \u00a0 \u00a0 \u00a0 \u00a0 \u00a0 \u00a0Anna Prokofieva a murit la 35 de ani \/ Sursa foto &#8211; Presa str\u0103in\u0103<\/p>","protected":false},"excerpt":{"rendered":"<p>Prokofieva, \u00een v\u00e2rst\u0103 de 35 de ani, era corespondent\u0103 de r\u0103zboi pentru Channel One, televiziunea&hellip;<\/p>\n","protected":false},"author":0,"featured_media":43193,"comment_status":"open","ping_status":"open","sticky":false,"template":"","format":"standard","meta":{"footnotes":""},"categories":[4],"tags":[],"class_list":["post-43192","post","type-post","status-publish","format-standard","has-post-thumbnail","hentry","category-extern"],"_links":{"self":[{"href":"https:\/\/247stiri.ro\/index.php\/wp-json\/wp\/v2\/posts\/43192","targetHints":{"allow":["GET"]}}],"collection":[{"href":"https:\/\/247stiri.ro\/index.php\/wp-json\/wp\/v2\/posts"}],"about":[{"href":"https:\/\/247stiri.ro\/index.php\/wp-json\/wp\/v2\/types\/post"}],"replies":[{"embeddable":true,"href":"https:\/\/247stiri.ro\/index.php\/wp-json\/wp\/v2\/comments?post=43192"}],"version-history":[{"count":0,"href":"https:\/\/247stiri.ro\/index.php\/wp-json\/wp\/v2\/posts\/43192\/revisions"}],"wp:featuredmedia":[{"embeddable":true,"href":"https:\/\/247stiri.ro\/index.php\/wp-json\/wp\/v2\/media\/43193"}],"wp:attachment":[{"href":"https:\/\/247stiri.ro\/index.php\/wp-json\/wp\/v2\/media?parent=43192"}],"wp:term":[{"taxonomy":"category","embeddable":true,"href":"https:\/\/247stiri.ro\/index.php\/wp-json\/wp\/v2\/categories?post=43192"},{"taxonomy":"post_tag","embeddable":true,"href":"https:\/\/247stiri.ro\/index.php\/wp-json\/wp\/v2\/tags?post=43192"}],"curies":[{"name":"wp","href":"https:\/\/api.w.org\/{rel}","templated":true}]}}